{"id":121892,"date":"2025-12-31T16:32:07","date_gmt":"2025-12-31T16:32:07","guid":{"rendered":"https:\/\/www.europesays.com\/se\/121892\/"},"modified":"2025-12-31T16:32:07","modified_gmt":"2025-12-31T16:32:07","slug":"henrik-rydstrom-nara-ny-klubb-huvudkandidat-for-columbus-crew-allsvenskan","status":"publish","type":"post","link":"https:\/\/www.europesays.com\/se\/121892\/","title":{"rendered":"Henrik Rydstr\u00f6m n\u00e4ra ny klubb \u2013 huvudkandidat f\u00f6r Columbus Crew | Allsvenskan"},"content":{"rendered":"<p>Publicerad 31 dec 2025 kl 14.33Uppdaterad kl 16.46<\/p>\n<p>Henrik Rydstr\u00f6m \u00e4r n\u00e4ra att f\u00e5 ett nytt jobb.<\/p>\n<p>Enligt uppgifter till Expressen \u00e4r han just nu Columbus Crews huvudkandidat i jakten p\u00e5 ny tr\u00e4nare.<\/p>\n<p><img   alt=\"\"\/><\/p>\n<p>Henrik Rydstr\u00f6m har g\u00e5tt arbetsl\u00f6s sedan i h\u00f6stas.<\/p>\n<p>Foto: J\u00d6RGEN JARNBERGER \/ BILDBYR\u00c5N<\/p>\n<p>\u00d6ppna bild i helsk\u00e4rm<\/p>\n<p>Efter tv\u00e5 raka SM-guld siktade <a href=\"https:\/\/www.expressen.se\/tagg\/person\/henrik-rydstrom\/\" class=\"\" rel=\"nofollow noopener\" target=\"_blank\">Henrik Rydstr\u00f6m<\/a> och Malm\u00f6 FF p\u00e5 ett tredje. Det gick inte. Laget halkade efter i tabellen och i slutet av september 2025 fick han sparken. Sen dess har Rydstr\u00f6m g\u00e5tt arbetsl\u00f6s men nu n\u00e4rmar han sig ett nytt uppdrag.<\/p>\n<p>I b\u00f6rjan av december meddelade Celtic att de kontrakterat Columbus Crew-tr\u00e4naren Wilfried Nancy och MLS-klubben \u00e4r d\u00e4rf\u00f6r p\u00e5 jakt efter en ers\u00e4ttare.<\/p>\n<p>The Atletic har rapporterat att Russell Martin, tidigare i Rangers och Southampton, \u00e4r en av Columbus Crews slutkandidater men enligt uppgifter till Expressen ser det i st\u00e4llet ut att bli Henrik Rydstr\u00f6m som landar jobbet. Endast detaljer \u00e5terst\u00e5r innan flytten till USA kan bli av.<\/p>\n<p>Eftersom Nancy tog med sig assisterande tr\u00e4naren Kwame Ampadu, fystr\u00e4naren Jules Gueguen och videoanalytikern Maxim Chalier till Celtic tyder mycket p\u00e5 att Henrik Rydstr\u00f6m f\u00e5r s\u00e4llskap i Columbus av assisterande tr\u00e4naren Theodor Olsson och analytikern Mak Pakhei som han jobbade t\u00e4tt med under sin tid i Malm\u00f6 FF och som ocks\u00e5 l\u00e4mnat klubben.<\/p>\n","protected":false},"excerpt":{"rendered":"Publicerad 31 dec 2025 kl 14.33Uppdaterad kl 16.46 Henrik Rydstr\u00f6m \u00e4r n\u00e4ra att f\u00e5 ett nytt jobb. Enligt&hellip;\n","protected":false},"author":2,"featured_media":121893,"comment_status":"","ping_status":"","sticky":false,"template":"","format":"standard","meta":{"footnotes":""},"categories":[5],"tags":[22,23,26,27,17,21,24,25,28,29,15,16,1644,18,34,130,129,31,33,32,30,19,20],"class_list":{"0":"post-121892","1":"post","2":"type-post","3":"status-publish","4":"format-standard","5":"has-post-thumbnail","7":"category-rubriker","8":"tag-breaking-news","9":"tag-breakingnews","10":"tag-featured-news","11":"tag-featurednews","12":"tag-headlines","13":"tag-huvudnyheter","14":"tag-latest-news","15":"tag-latestnews","16":"tag-main-news","17":"tag-mainnews","18":"tag-news","19":"tag-nyheter","20":"tag-person-henrik-rydstrom","21":"tag-rubriker","22":"tag-se","23":"tag-sections-allsvenskan","24":"tag-sections-fotboll","25":"tag-svenska","26":"tag-sverige","27":"tag-sweden","28":"tag-swedish","29":"tag-top-stories","30":"tag-topstories"},"share_on_mastodon":{"url":"https:\/\/pubeurope.com\/@se\/115815143330866280","error":""},"_links":{"self":[{"href":"https:\/\/www.europesays.com\/se\/wp-json\/wp\/v2\/posts\/121892","targetHints":{"allow":["GET"]}}],"collection":[{"href":"https:\/\/www.europesays.com\/se\/wp-json\/wp\/v2\/posts"}],"about":[{"href":"https:\/\/www.europesays.com\/se\/wp-json\/wp\/v2\/types\/post"}],"author":[{"embeddable":true,"href":"https:\/\/www.europesays.com\/se\/wp-json\/wp\/v2\/users\/2"}],"replies":[{"embeddable":true,"href":"https:\/\/www.europesays.com\/se\/wp-json\/wp\/v2\/comments?post=121892"}],"version-history":[{"count":0,"href":"https:\/\/www.europesays.com\/se\/wp-json\/wp\/v2\/posts\/121892\/revisions"}],"wp:featuredmedia":[{"embeddable":true,"href":"https:\/\/www.europesays.com\/se\/wp-json\/wp\/v2\/media\/121893"}],"wp:attachment":[{"href":"https:\/\/www.europesays.com\/se\/wp-json\/wp\/v2\/media?parent=121892"}],"wp:term":[{"taxonomy":"category","embeddable":true,"href":"https:\/\/www.europesays.com\/se\/wp-json\/wp\/v2\/categories?post=121892"},{"taxonomy":"post_tag","embeddable":true,"href":"https:\/\/www.europesays.com\/se\/wp-json\/wp\/v2\/tags?post=121892"}],"curies":[{"name":"wp","href":"https:\/\/api.w.org\/{rel}","templated":true}]}}