{"id":121912,"date":"2025-12-31T17:06:11","date_gmt":"2025-12-31T17:06:11","guid":{"rendered":"https:\/\/www.europesays.com\/se\/121912\/"},"modified":"2025-12-31T17:06:11","modified_gmt":"2025-12-31T17:06:11","slug":"masireh-jadama-utlamnad-till-sverige","status":"publish","type":"post","link":"https:\/\/www.europesays.com\/se\/121912\/","title":{"rendered":"Masireh Jadama utl\u00e4mnad till Sverige"},"content":{"rendered":"<p><img decoding=\"async\" class=\"image-asset hyperion-css-n6kkq1\" data-test-tag=\"image-asset\" src=\"https:\/\/www.europesays.com\/se\/wp-content\/uploads\/2025\/12\/1767200768_851_d489d8e9-feec-41cf-aec5-f7f6eb5fd94e.png\"  alt=\"\"  loading=\"lazy\" fetchpriority=\"auto\" style=\"aspect-ratio:1900 \/ 1900\"\/><img decoding=\"async\" class=\"image-asset hyperion-css-n6kkq1\" data-test-tag=\"image-asset\" src=\"https:\/\/www.europesays.com\/se\/wp-content\/uploads\/2025\/12\/be766d86-0a01-427b-a374-88c037ad4655.png\"  alt=\"\"  loading=\"lazy\" fetchpriority=\"auto\" style=\"aspect-ratio:1900 \/ 1900\"\/><\/p>\n<p class=\"boxtextgrotesk-root_baa6 hyperion-css-1w346fg\">Uppdaterad 17.52 | Publicerad 17.41<\/p>\n<p>share-arrowDela<\/p>\n<p>unsaveSpara<\/p>\n<p class=\"hyperion-css-1shl3oz\" data-test-tag=\"lead-text\">Fotbollsagenten Masireh Jadama har varit efterlyst internationellt \u2013 och h\u00e4ktad i sin utevaro.<\/p>\n<p class=\"hyperion-css-1shl3oz\" data-test-tag=\"lead-text\">Nu har han blivit utl\u00e4mnad till Sverige, och anl\u00e4nt till Arlanda, uppger <a aria-label=\"GP. \" class=\"sportbladet hyperion-css-15jkft9\" href=\"https:\/\/www.gp.se\/sport\/fotboll\/masireh-jadama-utlamnad-till-sverige-anlant-till-arlanda.01045737-fb3d-48cd-9eea-ffc49a2add39\" rel=\"noopener nofollow noreferrer\" data-test-tag=\"external-link\" target=\"_blank\">GP. <\/a><\/p>\n<p><img decoding=\"async\" src=\"https:\/\/www.europesays.com\/se\/wp-content\/uploads\/2025\/12\/589e50faeb1441cf7609034310ffbf36.jpg\" class=\"thumbnail-image_fbfd\" alt=\"H\u00e4r \u00e4r helgens sporth\u00f6jdare 2\u20134 januari\"\/><\/p>\n<p>H\u00e4r \u00e4r helgens sporth\u00f6jdare 2\u20134 januari<\/p>\n<p>0:46<\/p>\n<p class=\"hyperion-css-1v9qo5x\">Det var i oktober som den svenske fotbollsagenten Masireh Jadama, 42, greps i \u00d6sterrike, p\u00e5 sannolika sk\u00e4l misst\u00e4nkt f\u00f6r grovt penningtv\u00e4ttsbrott och flera fall av grovt bokf\u00f6ringsbrott.<\/p>\n<p class=\"hyperion-css-1v9qo5x\">Detta efter att tidigare ha varit efterlyst internationellt och h\u00e4ktad i sin utevaro vid G\u00f6teborgs tingsr\u00e4tt.<\/p>\n<p>expand-left<\/p>\n<p>helsk\u00e4rm<img decoding=\"async\" class=\"image-asset hyperion-css-u06ts1\" data-test-tag=\"image-asset\" src=\"https:\/\/www.europesays.com\/se\/wp-content\/uploads\/2025\/12\/ac580e73-21e2-4313-aba5-17810a95899a.jpeg\"  alt=\"\"  loading=\"eager\" fetchpriority=\"high\" style=\"aspect-ratio:1900 \/ 1267\"\/> Foto: Lotte FernvallBekr\u00e4ftas av \u00e5klagaren<\/p>\n<p class=\"hyperion-css-1v9qo5x\">Enligt GP anl\u00e4nde Jadama under ny\u00e5rsaftonen till Sverige och Arlanda, efter att han nu har utl\u00e4mnats till Sverige av \u00f6sterrikiska myndigheter. Uppgifter som bekr\u00e4ftats till tidningen av ekobrottsmyndighetens chefs\u00e5klagare Henric Fhager.<\/p>\n<p class=\"hyperion-css-1v9qo5x\">Jadamas advokat, Alparslan T\u00fcgel, ville inte kommentera uppgifterna i nul\u00e4get till tidningen.<\/p>\n<p class=\"hyperion-css-1v9qo5x\"><a data-test-tag=\"internal-link\" href=\"https:\/\/www.aftonbladet.se\/sportbladet\/fotboll\/a\/RjbgGW\/harvan-kring-masireh-jadama-vaxer-ytterligare-tva-brottsmisstankta\" class=\"hyperion-css-15jkft9\" rel=\"nofollow noopener\" target=\"\" aria-label=\"Sportbladet kunde i b\u00f6rjan av december\" theme=\"sportbladet\">Sportbladet kunde i b\u00f6rjan av december<\/a> avsl\u00f6ja att h\u00e4rvan kring agenten vuxit till sig och att ytterligare tv\u00e5 personer delgivits brottsmisstanke. <\/p>\n<p class=\"hyperion-css-1v9qo5x\">\u2013 Vi tror att det \u00e4r \u00e4nnu fler personer som deltar i den h\u00e4r brottsligheten, sa \u00e5klagaren Henric Fagher till Sportbladet d\u00e5.<\/p>\n","protected":false},"excerpt":{"rendered":"Uppdaterad 17.52 | Publicerad 17.41 share-arrowDela unsaveSpara Fotbollsagenten Masireh Jadama har varit efterlyst internationellt \u2013 och h\u00e4ktad i&hellip;\n","protected":false},"author":2,"featured_media":121913,"comment_status":"","ping_status":"","sticky":false,"template":"","format":"standard","meta":{"footnotes":""},"categories":[5],"tags":[22,23,26,27,17,21,24,25,28,29,15,16,18,34,31,33,32,30,19,20],"class_list":{"0":"post-121912","1":"post","2":"type-post","3":"status-publish","4":"format-standard","5":"has-post-thumbnail","7":"category-rubriker","8":"tag-breaking-news","9":"tag-breakingnews","10":"tag-featured-news","11":"tag-featurednews","12":"tag-headlines","13":"tag-huvudnyheter","14":"tag-latest-news","15":"tag-latestnews","16":"tag-main-news","17":"tag-mainnews","18":"tag-news","19":"tag-nyheter","20":"tag-rubriker","21":"tag-se","22":"tag-svenska","23":"tag-sverige","24":"tag-sweden","25":"tag-swedish","26":"tag-top-stories","27":"tag-topstories"},"share_on_mastodon":{"url":"https:\/\/pubeurope.com\/@se\/115815277057801519","error":""},"_links":{"self":[{"href":"https:\/\/www.europesays.com\/se\/wp-json\/wp\/v2\/posts\/121912","targetHints":{"allow":["GET"]}}],"collection":[{"href":"https:\/\/www.europesays.com\/se\/wp-json\/wp\/v2\/posts"}],"about":[{"href":"https:\/\/www.europesays.com\/se\/wp-json\/wp\/v2\/types\/post"}],"author":[{"embeddable":true,"href":"https:\/\/www.europesays.com\/se\/wp-json\/wp\/v2\/users\/2"}],"replies":[{"embeddable":true,"href":"https:\/\/www.europesays.com\/se\/wp-json\/wp\/v2\/comments?post=121912"}],"version-history":[{"count":0,"href":"https:\/\/www.europesays.com\/se\/wp-json\/wp\/v2\/posts\/121912\/revisions"}],"wp:featuredmedia":[{"embeddable":true,"href":"https:\/\/www.europesays.com\/se\/wp-json\/wp\/v2\/media\/121913"}],"wp:attachment":[{"href":"https:\/\/www.europesays.com\/se\/wp-json\/wp\/v2\/media?parent=121912"}],"wp:term":[{"taxonomy":"category","embeddable":true,"href":"https:\/\/www.europesays.com\/se\/wp-json\/wp\/v2\/categories?post=121912"},{"taxonomy":"post_tag","embeddable":true,"href":"https:\/\/www.europesays.com\/se\/wp-json\/wp\/v2\/tags?post=121912"}],"curies":[{"name":"wp","href":"https:\/\/api.w.org\/{rel}","templated":true}]}}