{"id":121914,"date":"2025-12-31T17:08:07","date_gmt":"2025-12-31T17:08:07","guid":{"rendered":"https:\/\/www.europesays.com\/se\/121914\/"},"modified":"2025-12-31T17:08:07","modified_gmt":"2025-12-31T17:08:07","slug":"kaftsmall-pa-nyarsafton-boltic-brakade-ihop-totalt-otroligt-daligt-nwt","status":"publish","type":"post","link":"https:\/\/www.europesays.com\/se\/121914\/","title":{"rendered":"K\u00e4ftsm\u00e4ll p\u00e5 ny\u00e5rsafton \u2013 Boltic brakade ihop totalt: \u201dOtroligt d\u00e5ligt\u201d &#8211; NWT"},"content":{"rendered":"<ol>\n<li><a href=\"https:\/\/news.google.com\/rss\/articles\/CBMipgFBVV95cUxOajlKa3Etc3o4dE5fcnFOZjB6WnRlNE1kZTllN0lTQXN3bE9hU3g3NC1uaG52aU9VaGl1ZnZ1N2VQOExWQ1hBcHV5cVZoRzk4THBNc1d6ZEVCMmRac2Z2TVBPTEIxS0o3VUNTd2lwdEoyV3l6aG5xQy1PbFJkRTI1VDljVkZBNWw1YjJUMmV5WDJSdGN3TWRlNFd1RFZrQ1Y3ZnVVRm5B?oc=5\" target=\"_blank\" rel=\"nofollow noopener\">K\u00e4ftsm\u00e4ll p\u00e5 ny\u00e5rsafton \u2013 Boltic brakade ihop totalt: \u201dOtroligt d\u00e5ligt\u201d<\/a>&nbsp;&nbsp;NWT<\/li>\n<li><a href=\"https:\/\/news.google.com\/rss\/articles\/CBMiqgFBVV95cUxQanprVHNRSUpkLWtteVFhMlRlQzNFSGpLRWZUUHlhLWJBX3I4aHBHY3ZYd0VHMXZ3bEJoRFBVYVpKVXBuRENJVnFOT2hRYy1mXzZaZU16amh4aFEyd0FoMXJuMkxoUVQxWlpWVERLaklvVjNvM3Y5UjMtbEd4cEtEVXFqRGNxbDZHOURxNVYxeDBwc25TeGY1WFFnd1l3MjF5c3ZxRzktZ040UQ?oc=5\" target=\"_blank\" rel=\"nofollow noopener\">Storseger f\u00f6r Gripen och IFK f\u00f6rlorade med uddam\u00e5let mot serieledarna<\/a>&nbsp;&nbsp;Sveriges Radio<\/li>\n<li><a href=\"https:\/\/news.google.com\/rss\/articles\/CBMilgFBVV95cUxObURzR2tjaDVKWGp6ejRsWlFYRHk4VklycnRrbHM4SXd6enJDbm82TWI1elBfVVpsbWJYMkNwOUF2ZUZyWjdGbHZQUmkxN1BxRFR5VkxDTG5jR21nN28ycmNYelJGckFBT3Z2WmVlWElNdnAxWWpfYUxWZHllU3drejV5MzJqTDVGSkhKOHhReEExdHJ5eGc?oc=5\" target=\"_blank\" rel=\"nofollow noopener\">Krossen p\u00e5 ny\u00e5r: \u201dKlart att det inte \u00e4r s\u00e5 vi vill spela\u201d<\/a>&nbsp;&nbsp;Bandypuls<\/li>\n<li><a href=\"https:\/\/news.google.com\/rss\/articles\/CBMipAFBVV95cUxNQ0NWMDdFUDlwZ09FT0E0YzZDQ2hWRHBpREY1MzBlXzhQY21Wa1VvSVB1YkRGNU5ETWtNNThYUWpLZlZPWXM4R0tmbXhGbXo4dDY3TTBjeVZyVmpzYkJVVFAwV3JybkUwbl9WRE5oTFdQcWZRVDJMbFRCbHhONU0ycXctSmJiSXBuM21sWHNzOWpMWl9OUjBtVjVWR190T1A0TG5Keg?oc=5\" target=\"_blank\" rel=\"nofollow noopener\">Gripen Trollh\u00e4ttan BK f\u00f6rl\u00e4nger segersviten mot Boltic<\/a>&nbsp;&nbsp;NSD<\/li>\n<li><a href=\"https:\/\/news.google.com\/rss\/articles\/CBMimwFBVV95cUxPVFVFSFVFcVhkdEUxYlZaekpadjdvYVNPOV9sZU13VkduWXBUOXBfWkVYWkw0Vll3TFBMbHJpUmxwdHh1a2xLSU9WbVROcWE0RjNWSnRRb2lycW1PNXFadVc0dDZOVjNubzNqRVhTMjd5YWI0VC10WW1IOUloZkZob19teDNqRnVFVUwtSnBUTUx1ZkREVFlVQ1FEYw?oc=5\" target=\"_blank\" rel=\"nofollow noopener\">Gripen k\u00f6rde \u00f6ver Boltic<\/a>&nbsp;&nbsp;TTELA<\/li>\n<\/ol>\n","protected":false},"excerpt":{"rendered":"K\u00e4ftsm\u00e4ll p\u00e5 ny\u00e5rsafton \u2013 Boltic brakade ihop totalt: \u201dOtroligt d\u00e5ligt\u201d&nbsp;&nbsp;NWT Storseger f\u00f6r Gripen och IFK f\u00f6rlorade med uddam\u00e5let&hellip;\n","protected":false},"author":2,"featured_media":121915,"comment_status":"","ping_status":"","sticky":false,"template":"","format":"standard","meta":{"footnotes":""},"categories":[68],"tags":[34,111,110,31,33,32,30],"class_list":{"0":"post-121914","1":"post","2":"type-post","3":"status-publish","4":"format-standard","5":"has-post-thumbnail","7":"category-sport","8":"tag-se","9":"tag-sport","10":"tag-sports","11":"tag-svenska","12":"tag-sverige","13":"tag-sweden","14":"tag-swedish"},"share_on_mastodon":{"url":"https:\/\/pubeurope.com\/@se\/115815284884248644","error":""},"_links":{"self":[{"href":"https:\/\/www.europesays.com\/se\/wp-json\/wp\/v2\/posts\/121914","targetHints":{"allow":["GET"]}}],"collection":[{"href":"https:\/\/www.europesays.com\/se\/wp-json\/wp\/v2\/posts"}],"about":[{"href":"https:\/\/www.europesays.com\/se\/wp-json\/wp\/v2\/types\/post"}],"author":[{"embeddable":true,"href":"https:\/\/www.europesays.com\/se\/wp-json\/wp\/v2\/users\/2"}],"replies":[{"embeddable":true,"href":"https:\/\/www.europesays.com\/se\/wp-json\/wp\/v2\/comments?post=121914"}],"version-history":[{"count":0,"href":"https:\/\/www.europesays.com\/se\/wp-json\/wp\/v2\/posts\/121914\/revisions"}],"wp:featuredmedia":[{"embeddable":true,"href":"https:\/\/www.europesays.com\/se\/wp-json\/wp\/v2\/media\/121915"}],"wp:attachment":[{"href":"https:\/\/www.europesays.com\/se\/wp-json\/wp\/v2\/media?parent=121914"}],"wp:term":[{"taxonomy":"category","embeddable":true,"href":"https:\/\/www.europesays.com\/se\/wp-json\/wp\/v2\/categories?post=121914"},{"taxonomy":"post_tag","embeddable":true,"href":"https:\/\/www.europesays.com\/se\/wp-json\/wp\/v2\/tags?post=121914"}],"curies":[{"name":"wp","href":"https:\/\/api.w.org\/{rel}","templated":true}]}}