{"id":121916,"date":"2025-12-31T17:14:14","date_gmt":"2025-12-31T17:14:14","guid":{"rendered":"https:\/\/www.europesays.com\/se\/121916\/"},"modified":"2025-12-31T17:14:14","modified_gmt":"2025-12-31T17:14:14","slug":"just-nu-dubbelt-svenskt-pa-pallen-i-nya-distansen-vasterbottens-kuriren","status":"publish","type":"post","link":"https:\/\/www.europesays.com\/se\/121916\/","title":{"rendered":"Just nu: Dubbelt svenskt p\u00e5 pallen i nya distansen &#8211; V\u00e4sterbottens-Kuriren"},"content":{"rendered":"<ol>\n<li><a href=\"https:\/\/news.google.com\/rss\/articles\/CBMid0FVX3lxTE1TWDJkdWk2VXozZWluZFpxWW0wN3owUVF5UnEtM21RM0lSVnR4S2JIZlJ1RGdHQUZSVUJmalJyb192bVFJR0VlX2dPdTZ4LXNIaGhZSmtCdElmODZhU0pRUUJ4WHNOR3lCeW91blBOOHhWdGZQbWlV?oc=5\" target=\"_blank\" rel=\"nofollow noopener\">Just nu: Dubbelt svenskt p\u00e5 pallen i nya distansen<\/a>&nbsp;&nbsp;V\u00e4sterbottens-Kuriren<\/li>\n<li><a href=\"https:\/\/news.google.com\/rss\/articles\/CBMiugFBVV95cUxORVJUUjBkR0FkV294TkU4MHZ5YVdkdWdTeERUcVFFMWhNdnJfRzg1dWpVX3lsWEpMUGx2UlBDa1VuaFNFUFRyRE42dHRGMm9LRTFTd2h3LURvaFUzcENTQ1h2cHdCYktZSlAta1FaeE5iSUxvTzBFZDg3a290eWpkY0lVLXB6bk5ETHRUdGdIb2todmIzSVRic1ZuNzNQSG1WWGhSWG9Sckx5Zm9PYkVqZ3F5bVdQaHRKQ1E?oc=5\" target=\"_blank\" rel=\"nofollow noopener\">Karlsson rasade i tredje etappen<\/a>&nbsp;&nbsp;Aftonbladet<\/li>\n<li><a href=\"https:\/\/news.google.com\/rss\/articles\/CBMiuAFBVV95cUxQdVFDMkVQbDgya21uZGh2YWtWdUdFZjl2cnVBbjBrbWVKNFFiMkRIdmRSOXgxemZUcElMTDBCUUdzUVZWak5jZGw5MHJIS2hOUVdqN2ZaWlR4bzYtTVo1Z0Mxc0tZanUtMWV4alRmSy1JQUZKNU9FS0RESXFpT0hXeV9uS2d6R2xDNW44bmFoX1ZBTzVRSkFQbm54QTl2RzJKQlNhMHdhWE44WXRMbDMtQ2hZZGpjV2RX?oc=5\" target=\"_blank\" rel=\"nofollow noopener\">L\u00e4ngdskidor: Dubbelt svenskt p\u00e5 pallen i Tour de Skis tredje etapp<\/a>&nbsp;&nbsp;SVT Nyheter<\/li>\n<li><a href=\"https:\/\/news.google.com\/rss\/articles\/CBMihwFBVV95cUxNZEgzT1A0ZmRPdTZhX0xWUG1wMUcta09YVXM5NFZwMm5vOGxfbThGdVFoS3AyTlRXdk96TGplQ3dlWlpYeDJSVG0xM0JnbXZnRXROb2ktMGxnd2c3STVKVnpVd1dlYkZsbjR5SFFLcDJkeWVNaG93a1hBWlREYm5PSTJDR0tHSUk?oc=5\" target=\"_blank\" rel=\"nofollow noopener\">Ebbas chock: \u201d\u00c5h herregud\u201d<\/a>&nbsp;&nbsp;Expressen<\/li>\n<li><a href=\"https:\/\/news.google.com\/rss\/articles\/CBMilAFBVV95cUxQRHoyenVEYl96dWpEYkxNOVd0V1lDY3pkbHM1WmZmbWt4WWlVUXBlN3dKR3hwQ29kV0ZTREpQeDQ5QWYxb0wxM1RjRFNtV0xkNm9hQk9SclZBdXJMaGp2SkN0eUp6QmlseUxTMW4zakpJYWlLTU9pZElSTHh5UGJMQm9fc3JWRC0waUdJbXg3NmpCZnVs?oc=5\" target=\"_blank\" rel=\"nofollow noopener\">Svenskorna slog till \u2013 dubbla pallplatser i Tour de Ski<\/a>&nbsp;&nbsp;Sveriges Radio<\/li>\n<\/ol>\n","protected":false},"excerpt":{"rendered":"Just nu: Dubbelt svenskt p\u00e5 pallen i nya distansen&nbsp;&nbsp;V\u00e4sterbottens-Kuriren Karlsson rasade i tredje etappen&nbsp;&nbsp;Aftonbladet L\u00e4ngdskidor: Dubbelt svenskt p\u00e5&hellip;\n","protected":false},"author":2,"featured_media":121917,"comment_status":"","ping_status":"","sticky":false,"template":"","format":"standard","meta":{"footnotes":""},"categories":[5],"tags":[22,23,26,27,17,21,24,25,28,29,15,16,18,34,31,33,32,30,19,20],"class_list":{"0":"post-121916","1":"post","2":"type-post","3":"status-publish","4":"format-standard","5":"has-post-thumbnail","7":"category-rubriker","8":"tag-breaking-news","9":"tag-breakingnews","10":"tag-featured-news","11":"tag-featurednews","12":"tag-headlines","13":"tag-huvudnyheter","14":"tag-latest-news","15":"tag-latestnews","16":"tag-main-news","17":"tag-mainnews","18":"tag-news","19":"tag-nyheter","20":"tag-rubriker","21":"tag-se","22":"tag-svenska","23":"tag-sverige","24":"tag-sweden","25":"tag-swedish","26":"tag-top-stories","27":"tag-topstories"},"share_on_mastodon":{"url":"https:\/\/pubeurope.com\/@se\/115815308474157130","error":""},"_links":{"self":[{"href":"https:\/\/www.europesays.com\/se\/wp-json\/wp\/v2\/posts\/121916","targetHints":{"allow":["GET"]}}],"collection":[{"href":"https:\/\/www.europesays.com\/se\/wp-json\/wp\/v2\/posts"}],"about":[{"href":"https:\/\/www.europesays.com\/se\/wp-json\/wp\/v2\/types\/post"}],"author":[{"embeddable":true,"href":"https:\/\/www.europesays.com\/se\/wp-json\/wp\/v2\/users\/2"}],"replies":[{"embeddable":true,"href":"https:\/\/www.europesays.com\/se\/wp-json\/wp\/v2\/comments?post=121916"}],"version-history":[{"count":0,"href":"https:\/\/www.europesays.com\/se\/wp-json\/wp\/v2\/posts\/121916\/revisions"}],"wp:featuredmedia":[{"embeddable":true,"href":"https:\/\/www.europesays.com\/se\/wp-json\/wp\/v2\/media\/121917"}],"wp:attachment":[{"href":"https:\/\/www.europesays.com\/se\/wp-json\/wp\/v2\/media?parent=121916"}],"wp:term":[{"taxonomy":"category","embeddable":true,"href":"https:\/\/www.europesays.com\/se\/wp-json\/wp\/v2\/categories?post=121916"},{"taxonomy":"post_tag","embeddable":true,"href":"https:\/\/www.europesays.com\/se\/wp-json\/wp\/v2\/tags?post=121916"}],"curies":[{"name":"wp","href":"https:\/\/api.w.org\/{rel}","templated":true}]}}