{"id":121918,"date":"2025-12-31T17:16:21","date_gmt":"2025-12-31T17:16:21","guid":{"rendered":"https:\/\/www.europesays.com\/se\/121918\/"},"modified":"2025-12-31T17:16:21","modified_gmt":"2025-12-31T17:16:21","slug":"calle-jarnkrok-malskytt-for-toronto","status":"publish","type":"post","link":"https:\/\/www.europesays.com\/se\/121918\/","title":{"rendered":"Calle J\u00e4rnkrok m\u00e5lskytt f\u00f6r Toronto"},"content":{"rendered":"<p class=\"hyperion-css-jonaf8\">Tolv nationer g\u00f6r upp i herrarnas OS-ishockey mellan den 11 och 22 februari.<\/p>\n<p class=\"hyperion-css-jonaf8\">Gruppindelning, grupp A: Kanada, Schweiz, Tjeckien, Frankrike. Grupp B: Finland, Sverige, Slovakien, Italien. Grupp C: USA, Tyskland, Lettland, Danmark.<\/p>\n<p class=\"hyperion-css-jonaf8\">Gruppsegrarna och b\u00e4sta tv\u00e5an g\u00e5r vidare direkt till kvartsfinal. \u00d6vriga \u00e5tta lag g\u00e5r till playoffkval (\u00e5ttondelsfinal).<\/p>\n<p class=\"hyperion-css-jonaf8\">Sveriges gruppspelsmatcher:<\/p>\n<p class=\"hyperion-css-jonaf8\">11\/2: Italien (21.10).<\/p>\n<p class=\"hyperion-css-jonaf8\">13\/2: Finland (12.10).<\/p>\n<p class=\"hyperion-css-jonaf8\">14\/2: Slovakien (12.10).<\/p>\n<p class=\"hyperion-css-jonaf8\">\u00c5ttondelsfinaler spelas 17\/2, kvartsfinaler 18\/2, semifinaler 20\/2, bronsmatch 21\/2 och final 22\/2.<\/p>\n<p class=\"hyperion-css-jonaf8\">Senaste OS-vinnare:<\/p>\n<p class=\"hyperion-css-jonaf8\">2022: Finland, 2018: OAR (Olympiska aktiva fr\u00e5n Ryssland), 2014: Kanada, 2010: Kanada, 2006: Sverige.<\/p>\n<p class=\"hyperion-css-jonaf8\">Redan OS-klara spelare:<\/p>\n<p class=\"hyperion-css-jonaf8\">Adrian Kempe (Los Angeles), Gabriel Landeskog (Colorado), Lucas Raymond (Detroit), Rasmus Dahlin (Buffalo), Victor Hedman (Tampa Bay) och William Nylander (Toronto).<\/p>\n","protected":false},"excerpt":{"rendered":"Tolv nationer g\u00f6r upp i herrarnas OS-ishockey mellan den 11 och 22 februari. Gruppindelning, grupp A: Kanada, Schweiz,&hellip;\n","protected":false},"author":2,"featured_media":121919,"comment_status":"","ping_status":"","sticky":false,"template":"","format":"standard","meta":{"footnotes":""},"categories":[68],"tags":[34,111,110,31,33,32,30],"class_list":{"0":"post-121918","1":"post","2":"type-post","3":"status-publish","4":"format-standard","5":"has-post-thumbnail","7":"category-sport","8":"tag-se","9":"tag-sport","10":"tag-sports","11":"tag-svenska","12":"tag-sverige","13":"tag-sweden","14":"tag-swedish"},"share_on_mastodon":{"url":"https:\/\/pubeurope.com\/@se\/115815316377932809","error":""},"_links":{"self":[{"href":"https:\/\/www.europesays.com\/se\/wp-json\/wp\/v2\/posts\/121918","targetHints":{"allow":["GET"]}}],"collection":[{"href":"https:\/\/www.europesays.com\/se\/wp-json\/wp\/v2\/posts"}],"about":[{"href":"https:\/\/www.europesays.com\/se\/wp-json\/wp\/v2\/types\/post"}],"author":[{"embeddable":true,"href":"https:\/\/www.europesays.com\/se\/wp-json\/wp\/v2\/users\/2"}],"replies":[{"embeddable":true,"href":"https:\/\/www.europesays.com\/se\/wp-json\/wp\/v2\/comments?post=121918"}],"version-history":[{"count":0,"href":"https:\/\/www.europesays.com\/se\/wp-json\/wp\/v2\/posts\/121918\/revisions"}],"wp:featuredmedia":[{"embeddable":true,"href":"https:\/\/www.europesays.com\/se\/wp-json\/wp\/v2\/media\/121919"}],"wp:attachment":[{"href":"https:\/\/www.europesays.com\/se\/wp-json\/wp\/v2\/media?parent=121918"}],"wp:term":[{"taxonomy":"category","embeddable":true,"href":"https:\/\/www.europesays.com\/se\/wp-json\/wp\/v2\/categories?post=121918"},{"taxonomy":"post_tag","embeddable":true,"href":"https:\/\/www.europesays.com\/se\/wp-json\/wp\/v2\/tags?post=121918"}],"curies":[{"name":"wp","href":"https:\/\/api.w.org\/{rel}","templated":true}]}}