{"id":121922,"date":"2025-12-31T17:21:09","date_gmt":"2025-12-31T17:21:09","guid":{"rendered":"https:\/\/www.europesays.com\/se\/121922\/"},"modified":"2025-12-31T17:21:09","modified_gmt":"2025-12-31T17:21:09","slug":"broderna-pim-och-sam-raddade-skridskoakare-ur-vak-i-rosjon","status":"publish","type":"post","link":"https:\/\/www.europesays.com\/se\/121922\/","title":{"rendered":"Br\u00f6derna Pim och Sam r\u00e4ddade skridsko\u00e5kare ur vak i R\u00f6sj\u00f6n"},"content":{"rendered":"<p><a data-test-tag=\"internal-link\" href=\"https:\/\/www.aftonbladet.se\/av\/oskar-forsberg\" class=\"hyperion-css-13ns1rr\" rel=\"nofollow noopener\" target=\"\" aria-label=\"Se alla artiklar av Oskar Forsberg\"><img decoding=\"async\" class=\"image-asset hyperion-css-n6kkq1\" data-test-tag=\"image-asset\" src=\"https:\/\/www.europesays.com\/se\/wp-content\/uploads\/2025\/12\/1767201668_878_a3a72f59-a972-44b2-b571-2462f5ee274a.png\"  alt=\"\"  loading=\"lazy\" fetchpriority=\"auto\" style=\"aspect-ratio:1900 \/ 1900\"\/><\/a><\/p>\n<p class=\"boxtextgrotesk-root_baa6 hyperion-css-7pajle\">Uppdaterad 17.45 | Publicerad 17.42<\/p>\n<p>share-arrowDela<\/p>\n<p>unsaveSpara<\/p>\n<p>expand-left<\/p>\n<p>helsk\u00e4rm<img decoding=\"async\" class=\"image-asset hyperion-css-u06ts1\" data-test-tag=\"image-asset\" src=\"https:\/\/www.europesays.com\/se\/wp-content\/uploads\/2025\/12\/d1ccc607-8020-4480-aa2b-0578183c2178.jpeg\"  alt=\"Pim, 15, och Sam, 19, lyckades f\u00e5 upp mannen med hj\u00e4lp av en livboj.\"  loading=\"eager\" fetchpriority=\"high\" style=\"aspect-ratio:1900 \/ 1157\"\/>Pim, 15, och Sam, 19, lyckades f\u00e5 upp mannen med hj\u00e4lp av en livboj. Foto: Privat<\/p>\n<p class=\"hyperion-css-1shl3oz\" data-test-tag=\"lead-text\">Skridsko\u00e5karen gick genom isen framf\u00f6r Pim och Sam.<\/p>\n<p class=\"hyperion-css-1shl3oz\" data-test-tag=\"lead-text\">Br\u00f6derna tvekade inte utan lyckades tillsammans dra upp mannen fr\u00e5n vaken.<\/p>\n<p class=\"hyperion-css-1shl3oz\" data-test-tag=\"lead-text\">\u2013 Han var v\u00e4ldigt tacksam att vi var p\u00e5 plats, s\u00e4ger Pim, 15.<\/p>\n<p class=\"hyperion-css-1v9qo5x\">\u00c5sa Mahony i <a data-test-tag=\"internal-link\" href=\"https:\/\/www.aftonbladet.se\/tagg\/taby\" class=\"hyperion-css-15jkft9\" rel=\"nofollow noopener\" target=\"\" aria-label=\"T\u00e4by\">T\u00e4by<\/a> var ute p\u00e5 promenad p\u00e5 ny\u00e5rsafton med sina tv\u00e5 ton\u00e5rss\u00f6ner Pim, 15,  och Sam, 19.<\/p>\n<p class=\"hyperion-css-1v9qo5x\">Promenadturen gick intill R\u00f6sj\u00f6n i T\u00e4by, norr om Stockholm.<\/p>\n<p class=\"hyperion-css-1v9qo5x\">\u2013 D\u00e5 kommer det en ensam skridsko\u00e5kare som \u00e5kte \u00f6ver sj\u00f6n, s\u00e4ger \u00c5sa Mahony.<\/p>\n<p class=\"hyperion-css-1v9qo5x\">Hon ber\u00e4ttar att hon t\u00e4nkte \u201dhur kan man \u00e5ka ensam \u00f6ver sj\u00f6n n\u00e4r det varit s\u00e5 f\u00e5 kalla dagar och isen s\u00e4kert \u00e4r tunn?\u201d.<\/p>\n<p class=\"hyperion-css-1v9qo5x\">\u2013 En sekund senare gick han genom isen.<\/p>\n<p>expand-left<\/p>\n<p>helsk\u00e4rm<img decoding=\"async\" class=\"image-asset hyperion-css-u06ts1\" data-test-tag=\"image-asset\" src=\"https:\/\/www.europesays.com\/se\/wp-content\/uploads\/2025\/12\/773b8a96-bf79-40a3-a400-54e71d6665a6.jpeg\"  alt=\"Br\u00f6derna blev hj\u00e4ltar p\u00e5 ny\u00e5rsafton.\"  loading=\"eager\" fetchpriority=\"high\" style=\"aspect-ratio:1239 \/ 935\"\/>Br\u00f6derna blev hj\u00e4ltar p\u00e5 ny\u00e5rsafton. Foto: Privat<\/p>\n<p class=\"hyperion-css-1v9qo5x\">\u00c5sa och hennes s\u00f6ner sprang ner mot sj\u00f6n. Vid strandkanten fanns en livboj som Pim tog tag i. <\/p>\n<p class=\"hyperion-css-1v9qo5x\">Han ber\u00e4ttar att han tog sig ut p\u00e5 isen, mot mannen, f\u00f6rsiktigt.<\/p>\n<p class=\"hyperion-css-1v9qo5x\">\u2013 Det var ingen tvekan. Jag fick \u00f6verlevnadsinstinkt bara, han m\u00e5ste ju upp liksom. Det var f\u00f6rsta tanken, s\u00e4ger Pim.<\/p>\n<p class=\"hyperion-css-1v9qo5x\">Isen k\u00e4ndes inte helt s\u00e4ker.<\/p>\n<p class=\"hyperion-css-1v9qo5x\">\u2013 Nej, det knakade till ordentligt, men jag f\u00f6rs\u00f6kte ha mitt fokus p\u00e5 mannen i vaken.<\/p>\n<p>Kastade livbojen <\/p>\n<p class=\"hyperion-css-1v9qo5x\">P\u00e5 andra f\u00f6rs\u00f6ket lyckades de kasta livbojen till mannen som fick tag i den. Sedan drog de upp honom ur vaken.<\/p>\n<p class=\"hyperion-css-1v9qo5x\">\u2013 Min brorsa hj\u00e4lpte till att dra och efter det lyckades han ta sig upp ur vaken.<\/p>\n<p>expand-left<\/p>\n<p>helsk\u00e4rm<img decoding=\"async\" class=\"image-asset hyperion-css-u06ts1\" data-test-tag=\"image-asset\" src=\"https:\/\/www.europesays.com\/se\/wp-content\/uploads\/2025\/12\/572abc63-5fd4-41fc-9d6a-ec8299dd12ac.jpeg\"  alt=\"Mannen som r\u00e4ddades var otroligt tacksam.  \u201dHan sa \u2019Jag hade aldrig haft en chans att ta mig upp om inte ni var h\u00e4r\u2019\u201d, ber\u00e4ttar Pim\"  loading=\"eager\" fetchpriority=\"high\" style=\"aspect-ratio:1083 \/ 704\"\/>Mannen som r\u00e4ddades var otroligt tacksam.  \u201dHan sa \u2019Jag hade aldrig haft en chans att ta mig upp om inte ni var h\u00e4r\u2019\u201d, ber\u00e4ttar Pim Foto: Privat<\/p>\n<p class=\"hyperion-css-1v9qo5x\">Efter de dramatiska sekunderna ute p\u00e5 isen kom den nedkylda mannen in till strandkanten. De kunde ta av honom hans skridskor och hans ryggs\u00e4ck.<\/p>\n<p class=\"hyperion-css-1v9qo5x\">Samtidigt hade \u00c5sa ringt till sin man och bett honom komma med filtar.<\/p>\n<p class=\"hyperion-css-1v9qo5x\">\u2013\u00a0Jag sprang ocks\u00e5 till ett n\u00e4rliggande hus och fr\u00e5gade efter filtar mannen kunde v\u00e4rma sig med. Jag bad n\u00e5gra andra d\u00e4r att ringa 112.<\/p>\n<p class=\"hyperion-css-1v9qo5x\">Hon fick filtar i huset och kom tillbaka.<\/p>\n<p class=\"hyperion-css-1v9qo5x\">\u2013 Min man kom ungef\u00e4r samtidigt och vi h\u00f6rde d\u00e5 ocks\u00e5 sirenerna fr\u00e5n ambulans och polis som ocks\u00e5 d\u00f6k upp d\u00e5.<\/p>\n<p>\u201dHj\u00e4lteinsats p\u00e5 ny\u00e5rsafton\u201d<\/p>\n<p class=\"hyperion-css-1v9qo5x\">Mannen som g\u00e5tt genom isen hade skadat sin axel, men var vid medvetande och otroligt tacksam, ber\u00e4ttar \u00c5sa och Pim.<\/p>\n<p class=\"hyperion-css-1v9qo5x\">\u2013 Han sa \u201dJag hade aldrig haft en chans att ta mig upp om inte ni var h\u00e4r&#8221;, ber\u00e4ttar Pim.<\/p>\n<p class=\"hyperion-css-1v9qo5x\">\u2013 Han var ju evigt tacksam.<\/p>\n<p class=\"hyperion-css-1v9qo5x\">Ambulansen tog hand om mannen och hans skadade axel och \u00c5sa och hennes s\u00f6ner kunde senare r\u00f6ra sig hem\u00e5t.<\/p>\n<p class=\"hyperion-css-1v9qo5x\">\u2013 S\u00e5 v\u00e5ra b\u00e4sta minnen fr\u00e5n 2025 fick ett ov\u00e4ntat till\u00e4gg \u2013 en hj\u00e4lteinsats p\u00e5 ny\u00e5rsafton, s\u00e4ger \u00c5sa. <\/p>\n","protected":false},"excerpt":{"rendered":"Uppdaterad 17.45 | Publicerad 17.42 share-arrowDela unsaveSpara expand-left helsk\u00e4rmPim, 15, och Sam, 19, lyckades f\u00e5 upp mannen med&hellip;\n","protected":false},"author":2,"featured_media":121923,"comment_status":"","ping_status":"","sticky":false,"template":"","format":"standard","meta":{"footnotes":""},"categories":[12],"tags":[22,23,26,27,17,21,24,25,28,29,15,16,18,34,31,33,32,30,19,20],"class_list":{"0":"post-121922","1":"post","2":"type-post","3":"status-publish","4":"format-standard","5":"has-post-thumbnail","7":"category-sverige","8":"tag-breaking-news","9":"tag-breakingnews","10":"tag-featured-news","11":"tag-featurednews","12":"tag-headlines","13":"tag-huvudnyheter","14":"tag-latest-news","15":"tag-latestnews","16":"tag-main-news","17":"tag-mainnews","18":"tag-news","19":"tag-nyheter","20":"tag-rubriker","21":"tag-se","22":"tag-svenska","23":"tag-sverige","24":"tag-sweden","25":"tag-swedish","26":"tag-top-stories","27":"tag-topstories"},"share_on_mastodon":{"url":"https:\/\/pubeurope.com\/@se\/115815336122258879","error":""},"_links":{"self":[{"href":"https:\/\/www.europesays.com\/se\/wp-json\/wp\/v2\/posts\/121922","targetHints":{"allow":["GET"]}}],"collection":[{"href":"https:\/\/www.europesays.com\/se\/wp-json\/wp\/v2\/posts"}],"about":[{"href":"https:\/\/www.europesays.com\/se\/wp-json\/wp\/v2\/types\/post"}],"author":[{"embeddable":true,"href":"https:\/\/www.europesays.com\/se\/wp-json\/wp\/v2\/users\/2"}],"replies":[{"embeddable":true,"href":"https:\/\/www.europesays.com\/se\/wp-json\/wp\/v2\/comments?post=121922"}],"version-history":[{"count":0,"href":"https:\/\/www.europesays.com\/se\/wp-json\/wp\/v2\/posts\/121922\/revisions"}],"wp:featuredmedia":[{"embeddable":true,"href":"https:\/\/www.europesays.com\/se\/wp-json\/wp\/v2\/media\/121923"}],"wp:attachment":[{"href":"https:\/\/www.europesays.com\/se\/wp-json\/wp\/v2\/media?parent=121922"}],"wp:term":[{"taxonomy":"category","embeddable":true,"href":"https:\/\/www.europesays.com\/se\/wp-json\/wp\/v2\/categories?post=121922"},{"taxonomy":"post_tag","embeddable":true,"href":"https:\/\/www.europesays.com\/se\/wp-json\/wp\/v2\/tags?post=121922"}],"curies":[{"name":"wp","href":"https:\/\/api.w.org\/{rel}","templated":true}]}}