{"id":121924,"date":"2025-12-31T17:22:36","date_gmt":"2025-12-31T17:22:36","guid":{"rendered":"https:\/\/www.europesays.com\/se\/121924\/"},"modified":"2025-12-31T17:22:36","modified_gmt":"2025-12-31T17:22:36","slug":"just-nu-man-dod-efter-villabrand-vasterbottens-kuriren","status":"publish","type":"post","link":"https:\/\/www.europesays.com\/se\/121924\/","title":{"rendered":"Just nu: Man d\u00f6d efter villabrand &#8211; V\u00e4sterbottens-Kuriren"},"content":{"rendered":"<ol>\n<li><a href=\"https:\/\/news.google.com\/rss\/articles\/CBMiekFVX3lxTFBaU3J4NnpJU1M3TXhDdjhTMy0zU0hIaDJBQ2w3MTZJVTMyeTVhdlJRUGZYQ2c5TFUzanBURjdJV2Q0SVhRSEtma2pvdVlJRWsxclktcjdRMXZpeWNlVHk4SUh0LXpWYWMwNkMtb3NNR3ZNOUdua2lsMXZR?oc=5\" target=\"_blank\" rel=\"nofollow noopener\">Just nu: Man d\u00f6d efter villabrand<\/a>&nbsp;&nbsp;V\u00e4sterbottens-Kuriren<\/li>\n<li><a href=\"https:\/\/news.google.com\/rss\/articles\/CBMiigFBVV95cUxNUVB1MmNlcVh5eDkwMHM5bkpsMEJEMVY1ZlN4YzRNUmpyZHljbVpUdmNRcVd2ZVNLQWU5aU91WHpIenhxeEhiTHNSOTQ2YWFTRzNCbnBmc0c4S1BNWXNIYTk0MnR2Q21hMXRBVE1oQkhyTlhaUUprUy1ZOTJ3M2ZFQ1gxcDFMaTgzc0E?oc=5\" target=\"_blank\" rel=\"nofollow noopener\">Man d\u00f6d efter villabrand<\/a>&nbsp;&nbsp;Aftonbladet<\/li>\n<li><a href=\"https:\/\/news.google.com\/rss\/articles\/CBMingFBVV95cUxQVFlxUGdKN01HVkg2alltanBuaVFHUmUxTWdCS1phOWpCSFNMV3lsUmRSMXRCX1NfbnoyRTdDLWFuMWlnS3V0QkNxOHFIWjdjdDlhZEtwMkRtVlpaNEpDdXB3SXJlSGZaejUyUk8zRVNJRTFrUWltOFNyQ3dUNXc2SXpBeUhSeUtZdkVUZnZHQXZwNlVZTUZ1N1h5b3dIdw?oc=5\" target=\"_blank\" rel=\"nofollow noopener\">En till v\u00e5rd efter brand i villa i Burtr\u00e4sk \u2013 k\u00e4llaren r\u00f6kfylld<\/a>&nbsp;&nbsp;Sveriges Radio<\/li>\n<li><a href=\"https:\/\/news.google.com\/rss\/articles\/CBMiswFBVV95cUxNZUVudmNweXFpRmlPMHJXNlozU0JVX3IxT1puRk1sVzJzTkpVLWRqdzNZYXJiS1Rock1yeFByZDAxVldEVVpQSkhJWmdrQUE4cXZzNGNPczhjX3FjWEJSaWxtVGZZUldpS2h4WlZjYk5kQjhrUFZZN2hIRDg0QlRaS0ZVVDM4QWlRNE5hT2xDbzl2dDFESGRyNzJWeEN1YkJJZi11NnpoUGxLSnBCblo1T1EzSQ?oc=5\" target=\"_blank\" rel=\"nofollow noopener\">Mannen som dog hittades av r\u00f6kdykare: \u201dGjorde allt vi kunde\u201d<\/a>&nbsp;&nbsp;Norran<\/li>\n<li><a href=\"https:\/\/news.google.com\/rss\/articles\/CBMigAFBVV95cUxPVUd2SkFLd3k0bUtYV1N5ZVdBZWEyaGJjemJ0VTB5SEFJOVFPeUVrSzJ3QjNXZ05KQ1hpd2VLdldQMUM4dm1RNEpPOWplTUd4TmdKc1FUZlZ0ZHlYYTRMcTVzQ1pBUnV3VjluSHlxTEpPQWtlNE5YQjVTVTczUVY0aA?oc=5\" target=\"_blank\" rel=\"nofollow noopener\">Man d\u00f6d efter villabrand i Skellefte\u00e5<\/a>&nbsp;&nbsp;TV4 Nyheterna<\/li>\n<\/ol>\n","protected":false},"excerpt":{"rendered":"Just nu: Man d\u00f6d efter villabrand&nbsp;&nbsp;V\u00e4sterbottens-Kuriren Man d\u00f6d efter villabrand&nbsp;&nbsp;Aftonbladet En till v\u00e5rd efter brand i villa i&hellip;\n","protected":false},"author":2,"featured_media":121925,"comment_status":"","ping_status":"","sticky":false,"template":"","format":"standard","meta":{"footnotes":""},"categories":[5],"tags":[22,23,26,27,17,21,24,25,28,29,15,16,18,34,31,33,32,30,19,20],"class_list":{"0":"post-121924","1":"post","2":"type-post","3":"status-publish","4":"format-standard","5":"has-post-thumbnail","7":"category-rubriker","8":"tag-breaking-news","9":"tag-breakingnews","10":"tag-featured-news","11":"tag-featurednews","12":"tag-headlines","13":"tag-huvudnyheter","14":"tag-latest-news","15":"tag-latestnews","16":"tag-main-news","17":"tag-mainnews","18":"tag-news","19":"tag-nyheter","20":"tag-rubriker","21":"tag-se","22":"tag-svenska","23":"tag-sverige","24":"tag-sweden","25":"tag-swedish","26":"tag-top-stories","27":"tag-topstories"},"share_on_mastodon":{"url":"https:\/\/pubeurope.com\/@se\/115815339980106562","error":""},"_links":{"self":[{"href":"https:\/\/www.europesays.com\/se\/wp-json\/wp\/v2\/posts\/121924","targetHints":{"allow":["GET"]}}],"collection":[{"href":"https:\/\/www.europesays.com\/se\/wp-json\/wp\/v2\/posts"}],"about":[{"href":"https:\/\/www.europesays.com\/se\/wp-json\/wp\/v2\/types\/post"}],"author":[{"embeddable":true,"href":"https:\/\/www.europesays.com\/se\/wp-json\/wp\/v2\/users\/2"}],"replies":[{"embeddable":true,"href":"https:\/\/www.europesays.com\/se\/wp-json\/wp\/v2\/comments?post=121924"}],"version-history":[{"count":0,"href":"https:\/\/www.europesays.com\/se\/wp-json\/wp\/v2\/posts\/121924\/revisions"}],"wp:featuredmedia":[{"embeddable":true,"href":"https:\/\/www.europesays.com\/se\/wp-json\/wp\/v2\/media\/121925"}],"wp:attachment":[{"href":"https:\/\/www.europesays.com\/se\/wp-json\/wp\/v2\/media?parent=121924"}],"wp:term":[{"taxonomy":"category","embeddable":true,"href":"https:\/\/www.europesays.com\/se\/wp-json\/wp\/v2\/categories?post=121924"},{"taxonomy":"post_tag","embeddable":true,"href":"https:\/\/www.europesays.com\/se\/wp-json\/wp\/v2\/tags?post=121924"}],"curies":[{"name":"wp","href":"https:\/\/api.w.org\/{rel}","templated":true}]}}