{"id":121928,"date":"2025-12-31T17:25:09","date_gmt":"2025-12-31T17:25:09","guid":{"rendered":"https:\/\/www.europesays.com\/se\/121928\/"},"modified":"2025-12-31T17:25:09","modified_gmt":"2025-12-31T17:25:09","slug":"aret-som-gick-sa-blir-pennans-ar-2026-jonkopings-posten","status":"publish","type":"post","link":"https:\/\/www.europesays.com\/se\/121928\/","title":{"rendered":"\u00c5ret som gick \u2013 s\u00e5 blir \u201dpennans \u00e5r\u201d 2026 \u2013 J\u00f6nk\u00f6pings-Posten"},"content":{"rendered":"<p>JP:s ny\u00e5rspanel best\u00e5r av k\u00e4nda kultur- och n\u00f6jesprofiler fr\u00e5n J\u00f6nk\u00f6ping. H\u00e4r sammanfattar de kultur\u00e5ret 2025 och blickar fram\u00e5t mot 2026. <\/p>\n<p><img loading=\"lazy\" decoding=\"async\" width=\"980\" height=\"551\" class=\"article-image article-image--featured\" alt=\"Sofia Dal\u00e9n fick \u00e4ntligen se \u201dKristina fr\u00e5n Duvem\u00e5la\u201d 2025 \u2013 och Matilda Ambr\u00e9 f\u00e5r spela huvudrollen 2026. Bild fr\u00e5n Teater V\u00e4sternorrlands upps\u00e4ttning.\" src=\"https:\/\/www.europesays.com\/se\/wp-content\/uploads\/2025\/12\/1ae8a60a-4a1c-4856-b695-2d89ed672a5f.jpeg\"  \/><a class=\"article__lightbox-link\" href=\"https:\/\/static.bonniernews.se\/ba\/1ae8a60a-4a1c-4856-b695-2d89ed672a5f.jpeg?crop=3830%2C2154%2Cx0%2Cy198&amp;width=1400&amp;format=pjpg&amp;auto=avif\" data-pswp-width=\"1400\" data-pswp-height=\"788\" data-pswp-caption=\"Sofia Dal\u00e9n fick \u00e4ntligen se \u201dKristina fr\u00e5n Duvem\u00e5la\u201d 2025 \u2013 och Matilda Ambr\u00e9 f\u00e5r spela huvudrollen 2026. Bild fr\u00e5n Teater V\u00e4sternorrlands upps\u00e4ttning. Bild: Lia Jacobi\" data-pswp- rel=\"nofollow noopener\" target=\"_blank\">\u00d6ppna bild i helsk\u00e4rmsl\u00e4ge<\/a><\/p>\n<p class=\"txt-style-muted\" aria-hidden=\"true\">Sofia Dal\u00e9n fick \u00e4ntligen se \u201dKristina fr\u00e5n Duvem\u00e5la\u201d 2025 \u2013 och Matilda Ambr\u00e9 f\u00e5r spela huvudrollen 2026. Bild fr\u00e5n Teater V\u00e4sternorrlands upps\u00e4ttning.<\/p>\n<p class=\"article__figcaption-attribution txt-style-muted\">Bild: Lia Jacobi<\/p>\n<p><img decoding=\"async\" width=\"640\" height=\"640\" class=\"article-image article-image--unbound\" alt=\"Sofia Dal\u00e9n har d\u00f6pt 2026 till Pennans \u00e5r.\" src=\"https:\/\/www.europesays.com\/se\/wp-content\/uploads\/2025\/12\/d5baaa58-8795-462b-b7f3-27685b6adbfb.jpeg\"   loading=\"lazy\"\/><a class=\"article__lightbox-link\" href=\"https:\/\/static.bonniernews.se\/ba\/d5baaa58-8795-462b-b7f3-27685b6adbfb.jpeg?width=1400&amp;format=pjpg&amp;auto=avif\" data-pswp-width=\"1400\" data-pswp-height=\"1400\" data-pswp-caption=\"Sofia Dal\u00e9n har d\u00f6pt 2026 till Pennans \u00e5r. Bild: Pressfoto\" data-pswp- rel=\"nofollow noopener\" target=\"_blank\">\u00d6ppna bild i helsk\u00e4rmsl\u00e4ge<\/a><\/p>\n<p class=\"txt-style-muted\" aria-hidden=\"true\">Sofia Dal\u00e9n har d\u00f6pt 2026 till Pennans \u00e5r.<\/p>\n<p class=\"article__figcaption-attribution txt-style-muted\">Bild: Pressfoto<\/p>\n<p><strong>Sofia Dal\u00e9n <\/strong>\u2013 komiker och revyartist fr\u00e5n J\u00f6nk\u00f6ping:<\/p>\n<p><strong>Vad var din b\u00e4sta kulturupplevelse 2025?<\/strong><br \/>\u201dKristina fr\u00e5n Duvem\u00e5la\u201d i Tonhallen i Sundsvall. Jag hade bara lyssnat p\u00e5 musikalen innan och det var en stor upplevelse att f\u00f6rst\u00e5 vidden av verket. En kille fr\u00e5n J\u00f6nk\u00f6ping, Simon Oscarsson, spelade Robert.<\/p>\n<p><strong>Vad ser du fram emot 2026?<\/strong><br \/>\u00c5kersbergarevyn! Jag \u00e4r med som akt\u00f6r och koreograf och har \u00e4ven skrivit nummer. Barbies misslyckade tvillingsyster Barbro \u00e4r med och s\u00e5 blir det l\u00e5tar om mobilberoende och relationer. Vi mellanbarn h\u00e5ller ju p\u00e5 att d\u00f6 ut, s\u00e5 vi ordnar en v\u00e4lg\u00f6renhetsgala.<\/p>\n<p aria-disabled=\"true\" class=\"ad__preamble ad-text txt-style-muted txt-ui txt-ui--strong txt-ui-2\">Annons<\/p>\n<p aria-disabled=\"true\" class=\"ad__preamble ad-text txt-style-muted txt-ui txt-ui--strong txt-ui-2\">Annons<\/p>\n<blockquote class=\"article__blockquote\">\n<p class=\"article__blockquote-text txt-headline txt-headline-3\">En allm\u00e4n uppmaning \u00e4r: G\u00e5 och se saker! <\/p>\n<\/blockquote>\n<p><strong>Vad tror du kommer att pr\u00e4gla ditt \u00e5r 2026?<\/strong><br \/>Jag och min kompis Kalle har d\u00f6pt 2026 till Pennans \u00e5r. Vi har m\u00e5nga id\u00e9er som kr\u00e4ver att man fattar pennan. En romanid\u00e9, k\u00e5serier och revynummer, samt andra projekt som man inte f\u00e5r prata om \u00e4n.<\/p>\n<p><strong>Vad tror du pr\u00e4glar kultur\u00e5ret 2026?<\/strong><br \/>Ett fortsatt intresse f\u00f6r analoga upplevelser. Det blir bara viktigare och viktigare att sitta i en teatersalong och uppleva n\u00e5got tillsammans. G\u00e5 och se saker! Det \u00e4r en allm\u00e4n uppmaning.<\/p>\n<p><img decoding=\"async\" width=\"640\" height=\"465\" class=\"article-image article-image--unbound\" alt=\"Amy Deasismont gillar utsikten \u00f6ver J\u00f6nk\u00f6ping.\" src=\"https:\/\/www.europesays.com\/se\/wp-content\/uploads\/2025\/12\/799a9005-5fa8-4745-9a16-ef2f8b8a8f65.jpeg\"   loading=\"lazy\"\/><a class=\"article__lightbox-link\" href=\"https:\/\/static.bonniernews.se\/ba\/799a9005-5fa8-4745-9a16-ef2f8b8a8f65.jpeg?width=1400&amp;format=pjpg&amp;auto=avif\" data-pswp-width=\"1400\" data-pswp-height=\"1016\" data-pswp-caption=\"Amy Deasismont gillar utsikten \u00f6ver J\u00f6nk\u00f6ping. Bild: Fredrik Sandberg\/TT\" data-pswp- rel=\"nofollow noopener\" target=\"_blank\">\u00d6ppna bild i helsk\u00e4rmsl\u00e4ge<\/a><\/p>\n<p class=\"txt-style-muted\" aria-hidden=\"true\">Amy Deasismont gillar utsikten \u00f6ver J\u00f6nk\u00f6ping.<\/p>\n<p class=\"article__figcaption-attribution txt-style-muted\">Bild: Fredrik Sandberg\/TT<\/p>\n<p><strong>Amy Deasismont <\/strong>\u2013 sk\u00e5despelare, regiss\u00f6r, manusf\u00f6rfattare och artist fr\u00e5n J\u00f6nk\u00f6ping. Aktuell i P\u00e5 sp\u00e5ret:<\/p>\n<p><strong>Hur var ditt 2025?<\/strong><\/p>\n<p>\u2013 Det var ett v\u00e4ldigt bra \u00e5r, med mycket jobb. Det mesta av tiden har jag arbetat med tv-serien \u201dSv\u00e4rtan\u201d som ska visas i SVT n\u00e4sta \u00e5r. Den bygger p\u00e5 John Ajvide Lindqvists bok \u201dSommaren 1985\u201d och \u00e4r n\u00e4stan klar nu. Det \u00e4r bara lite kvar att klippa.<\/p>\n<p><strong>Vad kommer att pr\u00e4gla ditt \u00e5r 2026?<\/strong><\/p>\n<p>\u2013 Jag ser fram emot ett luftigare \u00e5r, d\u00e4r det finns tid att hitta p\u00e5 en ny historia. Jag vill g\u00e4rna forts\u00e4tta att skriva och regissera. Allt \u00e4r m\u00f6jligt och det \u00e4r h\u00e4rligt.<\/p>\n<p><img decoding=\"async\" width=\"640\" height=\"574\" class=\"article-image article-image--unbound\" alt=\"Andreas Fors\u00e9n Jonsson ser fram emot att g\u00e5 p\u00e5 en Max Martin-musikal under 2026.\" src=\"https:\/\/www.europesays.com\/se\/wp-content\/uploads\/2025\/12\/dc0bedc2-c643-4a0f-9382-5b216932820e.jpeg\"   loading=\"lazy\"\/><a class=\"article__lightbox-link\" href=\"https:\/\/static.bonniernews.se\/ba\/dc0bedc2-c643-4a0f-9382-5b216932820e.jpeg?width=1400&amp;format=pjpg&amp;auto=avif\" data-pswp-width=\"1400\" data-pswp-height=\"1256\" data-pswp-caption=\"Andreas Fors\u00e9n Jonsson ser fram emot att g\u00e5 p\u00e5 en Max Martin-musikal under 2026. Bild: Pressbild\" data-pswp- rel=\"nofollow noopener\" target=\"_blank\">\u00d6ppna bild i helsk\u00e4rmsl\u00e4ge<\/a><\/p>\n<p class=\"txt-style-muted\" aria-hidden=\"true\">Andreas Fors\u00e9n Jonsson ser fram emot att g\u00e5 p\u00e5 en Max Martin-musikal under 2026.<\/p>\n<p class=\"article__figcaption-attribution txt-style-muted\">Bild: Pressbild<\/p>\n<p><strong>Andreas Fors\u00e9n Jonsson <\/strong>\u2013 f\u00f6rel\u00e4sare fr\u00e5n J\u00f6nk\u00f6ping. Aktuell med turn\u00e9n \u201dJag har inte tid\u201d:<\/p>\n<p aria-disabled=\"true\" class=\"ad__preamble ad-text txt-style-muted txt-ui txt-ui--strong txt-ui-2\">Annons<\/p>\n<p><strong>B\u00e4sta kulturupplevelse 2025?<\/strong><br \/>B\u00e4sta upplevelsen var att sj\u00e4lv f\u00e5 st\u00e5 p\u00e5 scenen och se m\u00e4nniskor bli ber\u00f6rda. Det var h\u00e4ftigt att m\u00f6ta m\u00e4nniskor i olika \u00e5ldrar och h\u00f6ra om deras livs\u00f6den.\u201d<\/p>\n<p aria-disabled=\"true\" class=\"ad__preamble ad-text txt-style-muted txt-ui txt-ui--strong txt-ui-2\">Annons<\/p>\n<blockquote class=\"article__blockquote\">\n<p class=\"article__blockquote-text txt-headline txt-headline-3\">Jag hoppas att 2026 kommer att pr\u00e4glas av gl\u00e4dje, entusiasm och k\u00e4rlek.<\/p>\n<\/blockquote>\n<p><strong>Vad ser du fram emot 2026?<\/strong> <br \/>Turn\u00e9avslutningen p\u00e5 Stora teatern i G\u00f6teborg. Det \u00e4r p\u00e5 min f\u00f6delsedag. T\u00e4nk att f\u00e5 fira med 600 personer! Privat har jag inte s\u00e5 mycket planerat \u00e4n, men jag ser fram emot att uppt\u00e4cka ny musik p\u00e5 konserter och att se Max Martin-musikalen \u201d&amp;Julia\u201d p\u00e5 Cirkus i Stockholm.<\/p>\n<p><strong>Vad tror du kommer att pr\u00e4gla kultur\u00e5ret 2026?<\/strong><br \/>Jag hoppas att 2026 kommer att pr\u00e4glas av gl\u00e4dje, entusiasm och k\u00e4rlek ist\u00e4llet f\u00f6r nedsk\u00e4rningar och desperation. Politiken har inte direkt storsatsat p\u00e5 kulturen den senaste tiden och det m\u00e4rks. Det pratas mycket om ekonomi n\u00e4r man \u00e4r ute p\u00e5 teatrarna och det skulle vara sk\u00f6nt att slippa det och i st\u00e4llet f\u00e5 prata om den gl\u00e4dje som kultur skapar.<\/p>\n<p><img decoding=\"async\" width=\"640\" height=\"427\" class=\"article-image article-image--unbound\" alt=\"Eric Luth hoppas p\u00e5 ett optimistiskt 2026.\" src=\"https:\/\/www.europesays.com\/se\/wp-content\/uploads\/2025\/12\/0cee3f30-b711-4727-b98c-b8c183fe2bd5.jpeg\"   loading=\"lazy\"\/><a class=\"article__lightbox-link\" href=\"https:\/\/static.bonniernews.se\/ba\/0cee3f30-b711-4727-b98c-b8c183fe2bd5.jpeg?width=1400&amp;format=pjpg&amp;auto=avif\" data-pswp-width=\"1400\" data-pswp-height=\"933\" data-pswp-caption=\"Eric Luth hoppas p\u00e5 ett optimistiskt 2026. Bild: Peter Feurst\" data-pswp- rel=\"nofollow noopener\" target=\"_blank\">\u00d6ppna bild i helsk\u00e4rmsl\u00e4ge<\/a><\/p>\n<p class=\"txt-style-muted\" aria-hidden=\"true\">Eric Luth hoppas p\u00e5 ett optimistiskt 2026.<\/p>\n<p class=\"article__figcaption-attribution txt-style-muted\">Bild: Peter Feurst<\/p>\n<p><strong>Eric Luth <\/strong>\u2013 kulturskribent och vice vd f\u00f6r tankesmedjan Forbes:<\/p>\n<p><strong>Vad var din b\u00e4sta kulturupplevelse, 2025?<\/strong><br \/>Jag tycker att mycket har varit bra i \u00e5r. Jag var v\u00e4ldigt drabbad av den postuma upps\u00e4ttningen av Lars Nor\u00e9ns \u201dCommunion\u201d p\u00e5 G\u00f6teborgs Stadsteater. Och s\u00e5 filmen om honom som hette \u201dLars\u201d.<\/p>\n<blockquote class=\"article__blockquote\">\n<p class=\"article__blockquote-text txt-headline txt-headline-3\">Kanske f\u00f6retagen ocks\u00e5 s\u00e4tter ig\u00e5ng och finansierar kultur?<\/p>\n<\/blockquote>\n<p aria-disabled=\"true\" class=\"ad__preamble ad-text txt-style-muted txt-ui txt-ui--strong txt-ui-2\">Annons<\/p>\n<p><strong>Vad ser du fram emot f\u00f6r kulturupplevelser 2026? <\/strong><br \/>Jag kommer att g\u00e5 p\u00e5 Svart Rid\u00e5 och The Ark n\u00e4r de spelar. Det ser jag fram emot.<\/p>\n<p><strong>Vad tror du kommer att pr\u00e4gla kultur\u00e5ret 2026?<\/strong><br \/>Mycket kommer att pr\u00e4glas av val\u00e5ret och det g\u00e4ller \u00e4ven kultur\u00e5ret. Men jag hoppas p\u00e5 mer optimism som ocks\u00e5 f\u00e5r folk att t\u00e4nka i nya alternativa banor.  Det kommer en saklig utredning om kulturlivets finansiering i april som handlar om hur man ska kunna bredda den privata finansieringen och det ryktas om att det finns privata f\u00f6retag som dr\u00f6mmer om att investera i kulturen. Jag hoppas att det blir av p\u00e5 riktigt. F\u00f6retag finansierar idrottsarenor och kanske att f\u00f6retagen ocks\u00e5 s\u00e4tter ig\u00e5ng och finansierar kultur?<\/p>\n<p aria-disabled=\"true\" class=\"ad__preamble ad-text txt-style-muted txt-ui txt-ui--strong txt-ui-2\">Annons<\/p>\n<p><img decoding=\"async\" width=\"640\" height=\"440\" class=\"article-image article-image--unbound\" alt=\"Gunnar K\u00e4llstr\u00f6m tror att kulturen f\u00e5r en ny och starkare st\u00e4llning under 2026.\" src=\"https:\/\/www.europesays.com\/se\/wp-content\/uploads\/2025\/12\/b3937295-8f75-4f14-a1e8-7d9cec068ef2.jpeg\"   loading=\"lazy\"\/><a class=\"article__lightbox-link\" href=\"https:\/\/static.bonniernews.se\/ba\/b3937295-8f75-4f14-a1e8-7d9cec068ef2.jpeg?width=1400&amp;format=pjpg&amp;auto=avif\" data-pswp-width=\"1400\" data-pswp-height=\"962\" data-pswp-caption=\"Gunnar K\u00e4llstr\u00f6m tror att kulturen f\u00e5r en ny och starkare st\u00e4llning under 2026. Bild: Emilia S\u00f6elund\" data-pswp- rel=\"nofollow noopener\" target=\"_blank\">\u00d6ppna bild i helsk\u00e4rmsl\u00e4ge<\/a><\/p>\n<p class=\"txt-style-muted\" aria-hidden=\"true\">Gunnar K\u00e4llstr\u00f6m tror att kulturen f\u00e5r en ny och starkare st\u00e4llning under 2026.<\/p>\n<p class=\"article__figcaption-attribution txt-style-muted\">Bild: Emilia S\u00f6elund<\/p>\n<p><strong>Gunnar K\u00e4llstr\u00f6m <\/strong>\u2013 f\u00f6rfattare och viss\u00e5ngare fr\u00e5n Ekhagen, tidigare verksamhetsutvecklare p\u00e5 J\u00f6nk\u00f6pings litteraturhus:<\/p>\n<p><strong>Vad var din b\u00e4sta kulturupplevelse 2025?<\/strong><br \/>Jag har ju legat i sjuks\u00e4ngen under \u00e5ret, s\u00e5 jag har inte upplevt s\u00e5 mycket. Men jag har l\u00e4st. Bland annat har jag \u00e5teruppt\u00e4ckt Arne H. Lindgren, en poet jag hade gl\u00f6mt bort. \u201dOm jag inte finns \/ v\u00e4nta p\u00e5 mig d\u00e5\u201d\u2026 skriver han. De orden ber\u00f6r mig mycket.<\/p>\n<blockquote class=\"article__blockquote\">\n<p class=\"article__blockquote-text txt-headline txt-headline-3\">Jag tror att 2026 blir ett fredens \u00e5r. <\/p>\n<\/blockquote>\n<p><strong>Vad ser du fram emot 2026?<\/strong><br \/>Jag ser fram emot att min bok \u201dUdda f\u00e5gel\u201d sl\u00e4pps i b\u00f6rjan av februari. Det \u00e4r alltid sp\u00e4nnande att se vart en bok tar v\u00e4gen. De lever sitt eget liv. De flesta f\u00f6rsvinner i bokfl\u00f6det, men n\u00e5gra l\u00e4sare hittar den nog.<\/p>\n<p aria-disabled=\"true\" class=\"ad__preamble ad-text txt-style-muted txt-ui txt-ui--strong txt-ui-2\">Annons<\/p>\n<p><strong>Vad tror du kommer att pr\u00e4gla kultur\u00e5ret 2026?<\/strong><br \/>Jag tror att det blir fred i Ukraina och att det blir en v\u00e4ndning i debatten, s\u00e5 att kulturen f\u00e5r en ny och starkare st\u00e4llning. Det har dragits ner s\u00e5 mycket nu att det m\u00e4rks vad den betyder. Jag tror att 2026 blir ett fredens \u00e5r och att kulturen f\u00e5r uppr\u00e4ttelse.<\/p>\n<p><img decoding=\"async\" width=\"640\" height=\"510\" class=\"article-image article-image--unbound\" alt=\"Matilda Ambr\u00e9.\" src=\"https:\/\/www.europesays.com\/se\/wp-content\/uploads\/2025\/12\/dd797ff0-d1dc-400f-acd2-e1de848a2bb1.jpeg\"   loading=\"lazy\"\/><a class=\"article__lightbox-link\" href=\"https:\/\/static.bonniernews.se\/ba\/dd797ff0-d1dc-400f-acd2-e1de848a2bb1.jpeg?width=1400&amp;format=pjpg&amp;auto=avif\" data-pswp-width=\"1400\" data-pswp-height=\"1117\" data-pswp-caption=\"Matilda Ambr\u00e9. Bild: Lars Kroon\" data-pswp- rel=\"nofollow noopener\" target=\"_blank\">\u00d6ppna bild i helsk\u00e4rmsl\u00e4ge<\/a><\/p>\n<p class=\"txt-style-muted\" aria-hidden=\"true\">Matilda Ambr\u00e9.<\/p>\n<p class=\"article__figcaption-attribution txt-style-muted\">Bild: Lars Kroon<\/p>\n<p><strong>Matilda Ambr\u00e9 <\/strong>\u2013 producent och musikalartist:<\/p>\n<p><strong>Vad var din b\u00e4sta kulturupplevelse 2025?<\/strong><br \/>Musikalen \u201dS\u00e5 som i himmelen\u201d. Jag fick barn i januari, s\u00e5 det var min f\u00f6rsta och enda kulturupplevelse under \u00e5ret. Att kunna medverka var ett pussel, men det gick tack vare hj\u00e4lp fr\u00e5n mor- och farf\u00f6r\u00e4ldrar, samt en p\u00e5hejande man. Att st\u00e5 framf\u00f6r en publik som n\u00e5dde \u00e4nda upp till andra balkong var en \u00f6verv\u00e4ldigande k\u00e4nsla och jag k\u00e4nner en stor tacksamhet f\u00f6r att jag f\u00e5tt uppleva det.<\/p>\n<p aria-disabled=\"true\" class=\"ad__preamble ad-text txt-style-muted txt-ui txt-ui--strong txt-ui-2\">Annons<\/p>\n<blockquote class=\"article__blockquote\">\n<p class=\"article__blockquote-text txt-headline txt-headline-3\">Att st\u00e5 framf\u00f6r en publik som n\u00e5dde \u00e4nda upp till andra balkong var en \u00f6verv\u00e4ldigande k\u00e4nsla.<\/p>\n<\/blockquote>\n<p><strong>Vad ser du fram emot 2026?<\/strong><br \/>Jag \u00e4r sugen p\u00e5 att g\u00e5 och se \u201dIngvar! En musikalisk m\u00f6belsaga\u201d n\u00e4r den s\u00e4tts upp p\u00e5 Spira. Den har jag h\u00f6rt mycket gott om. Och s\u00e5 ska jag vara f\u00f6r\u00e4ldraledig.<\/p>\n<p><strong>Vad tror du kommer att pr\u00e4gla kultur\u00e5ret 2026?<\/strong><br \/>Jag ska medverka i en konsertversion av Kristina fr\u00e5n Duvem\u00e5la. Det \u00e4r p\u00e5 tiden att den s\u00e4tts upp h\u00e4r i bygden. Jag sj\u00f6ng samma roll p\u00e5 Svenska teatern i Helsingfors 2012 n\u00e4r jag var nyutexaminerad, s\u00e5 det k\u00e4nns j\u00e4tteroligt att f\u00e5 g\u00f6ra samma roll med mer k\u00f6tt p\u00e5 benen. <\/p>\n<p aria-disabled=\"true\" class=\"ad__preamble ad-text txt-style-muted txt-ui txt-ui--strong txt-ui-2\">Annons<\/p>\n<p><img decoding=\"async\" width=\"640\" height=\"554\" class=\"article-image article-image--unbound\" alt=\"Tina Gardestrand tror att musiklivet i J\u00f6nk\u00f6ping kommer att bubbla under 2026.\" src=\"https:\/\/www.europesays.com\/se\/wp-content\/uploads\/2025\/12\/b8819186-f688-4e61-8f8b-7748c2afb36c.jpeg\"   loading=\"lazy\"\/><a class=\"article__lightbox-link\" href=\"https:\/\/static.bonniernews.se\/ba\/b8819186-f688-4e61-8f8b-7748c2afb36c.jpeg?width=1400&amp;format=pjpg&amp;auto=avif\" data-pswp-width=\"1400\" data-pswp-height=\"1213\" data-pswp-caption=\"Tina Gardestrand tror att musiklivet i J\u00f6nk\u00f6ping kommer att bubbla under 2026. Bild: Privat\" data-pswp- rel=\"nofollow noopener\" target=\"_blank\">\u00d6ppna bild i helsk\u00e4rmsl\u00e4ge<\/a><\/p>\n<p class=\"txt-style-muted\" aria-hidden=\"true\">Tina Gardestrand tror att musiklivet i J\u00f6nk\u00f6ping kommer att bubbla under 2026.<\/p>\n<p class=\"article__figcaption-attribution txt-style-muted\">Bild: Privat<\/p>\n<p><strong> Tina Gardestrand <\/strong>\u2013 utvecklingskonsult och arrang\u00f6r, s\u00e5ngare i bandet I\u2019m from Barcelona:<\/p>\n<p><strong>B\u00e4sta kulturupplevelse 2025?<\/strong><br \/>Att vi fick st\u00e5 p\u00e5 scenen igen med \u201dI\u2019m from Barcelona\u201d i Folkets park. Det finns inte mycket som sl\u00e5r det. Det var ljuvliga m\u00e4nniskor b\u00e5de p\u00e5 och framf\u00f6r scenen.<\/p>\n<p><strong>Vilka kulturupplevelser ser du fram emot 2026<\/strong>?<br \/>Jag \u00e4r pepp p\u00e5 att se min v\u00e4n Emil Svan\u00e4ngen i en konsert med J\u00f6nk\u00f6pings Sinfonietta. Sen vill jag ocks\u00e5 bli b\u00e4ttre p\u00e5 att \u00e5ka iv\u00e4g och unna mig konsertupplevelser l\u00e4ngre bort.<\/p>\n<blockquote class=\"article__blockquote\">\n<p class=\"article__blockquote-text txt-headline txt-headline-3\">Det k\u00e4nns som att det bubblar nu.<\/p>\n<\/blockquote>\n<p><strong>Vad tror du kommer att pr\u00e4gla ditt \u00e5r 2026? <\/strong><br \/>Jag vill bli en b\u00e4ttre livskonstn\u00e4r. Ofta \u00e4r vi snabba att l\u00e4mna \u00e5r bakom oss, men 2026 hoppas jag blir ett \u00e5r som vi t\u00e4nker tillbaka p\u00e5 som grymt. Att vi har stannat upp och gjort roliga saker.<\/p>\n<p><strong>Vad tror du pr\u00e4glar kultur\u00e5ret 2026?<\/strong><br \/>Jag har h\u00f6ga f\u00f6rhoppningar inf\u00f6r 2026. Folkparken bokar sp\u00e4nnande artister och s\u00e5 har det kommit en ny KFUM-scen. Det k\u00e4nns som att det bubblar nu. Med ny energi fr\u00e5n yngre, samtidigt som eldsj\u00e4lar forts\u00e4tter att h\u00e5lla kulturelden ig\u00e5ng.<\/p>\n","protected":false},"excerpt":{"rendered":"JP:s ny\u00e5rspanel best\u00e5r av k\u00e4nda kultur- och n\u00f6jesprofiler fr\u00e5n J\u00f6nk\u00f6ping. H\u00e4r sammanfattar de kultur\u00e5ret 2025 och blickar fram\u00e5t&hellip;\n","protected":false},"author":2,"featured_media":121929,"comment_status":"","ping_status":"","sticky":false,"template":"","format":"standard","meta":{"footnotes":""},"categories":[67],"tags":[104,34,31,33,32,30,105],"class_list":{"0":"post-121928","1":"post","2":"type-post","3":"status-publish","4":"format-standard","5":"has-post-thumbnail","7":"category-underhallning","8":"tag-entertainment","9":"tag-se","10":"tag-svenska","11":"tag-sverige","12":"tag-sweden","13":"tag-swedish","14":"tag-underhallning"},"share_on_mastodon":{"url":"https:\/\/pubeurope.com\/@se\/115815351839523764","error":""},"_links":{"self":[{"href":"https:\/\/www.europesays.com\/se\/wp-json\/wp\/v2\/posts\/121928","targetHints":{"allow":["GET"]}}],"collection":[{"href":"https:\/\/www.europesays.com\/se\/wp-json\/wp\/v2\/posts"}],"about":[{"href":"https:\/\/www.europesays.com\/se\/wp-json\/wp\/v2\/types\/post"}],"author":[{"embeddable":true,"href":"https:\/\/www.europesays.com\/se\/wp-json\/wp\/v2\/users\/2"}],"replies":[{"embeddable":true,"href":"https:\/\/www.europesays.com\/se\/wp-json\/wp\/v2\/comments?post=121928"}],"version-history":[{"count":0,"href":"https:\/\/www.europesays.com\/se\/wp-json\/wp\/v2\/posts\/121928\/revisions"}],"wp:featuredmedia":[{"embeddable":true,"href":"https:\/\/www.europesays.com\/se\/wp-json\/wp\/v2\/media\/121929"}],"wp:attachment":[{"href":"https:\/\/www.europesays.com\/se\/wp-json\/wp\/v2\/media?parent=121928"}],"wp:term":[{"taxonomy":"category","embeddable":true,"href":"https:\/\/www.europesays.com\/se\/wp-json\/wp\/v2\/categories?post=121928"},{"taxonomy":"post_tag","embeddable":true,"href":"https:\/\/www.europesays.com\/se\/wp-json\/wp\/v2\/tags?post=121928"}],"curies":[{"name":"wp","href":"https:\/\/api.w.org\/{rel}","templated":true}]}}