{"id":121930,"date":"2025-12-31T17:29:36","date_gmt":"2025-12-31T17:29:36","guid":{"rendered":"https:\/\/www.europesays.com\/se\/121930\/"},"modified":"2025-12-31T17:29:36","modified_gmt":"2025-12-31T17:29:36","slug":"i-dag-buss-korde-fel-backade-ner-i-diket-vasterbottens-kuriren","status":"publish","type":"post","link":"https:\/\/www.europesays.com\/se\/121930\/","title":{"rendered":"I dag: Buss k\u00f6rde fel \u2013 backade ner i diket &#8211; V\u00e4sterbottens-Kuriren"},"content":{"rendered":"<ol>\n<li><a href=\"https:\/\/news.google.com\/rss\/articles\/CBMigAFBVV95cUxOMi15ZHJ3QXYtZElDMnY2V0VPVlpCSFd5QnZQcHBUR3BkSDJtSkNmaFY1YlRBaHdrR3FycFdiY3lMRlFaZ0ZlUEJDamdfT3pIcWpyeHQzLXBqWUozWGlaWUpOcFVvUjBVeGtDNzNkbkhZbElITnBsY1BCdXFIMy1Mdw?oc=5\" target=\"_blank\" rel=\"nofollow noopener\">I dag: Buss k\u00f6rde fel \u2013 backade ner i diket<\/a>&nbsp;&nbsp;V\u00e4sterbottens-Kuriren<\/li>\n<li><a href=\"https:\/\/news.google.com\/rss\/articles\/CBMirwFBVV95cUxNeWNFMERoeXplT2xnVXpjamptdEpCR3p6Ty01SzVjNkVlTUVsMnViZ3JZMlhsNXVsc0pNd2lYeGlWWFJnU3VMc1RsM1Q2SHUzM3JaaTlxVXZ2eTRYc285dkRzNU1oU1RXbWNCMlBTeU1oZE1vZUh6SlVBR3d0aWVxRnprY1EzU1JydlMyMTBqT3JMNjFCUmp5ZUxrcVEtdnZibk9jbkpNVlIxb1VsNzlV?oc=5\" target=\"_blank\" rel=\"nofollow noopener\">Bussolycka \u2013 chauff\u00f6ren k\u00f6rde fel: \u201dBackade ner i diket\u201d<\/a>&nbsp;&nbsp;Norran<\/li>\n<li><a href=\"https:\/\/news.google.com\/rss\/articles\/CBMikAFBVV95cUxQbzdyMWNZOWstcktBZG9VejlPSnowb0NNT2l0VDNCRUpqbWU2c3JDNk94QjFqT3hTdnlZZ1M0ZUtXS0FjVlQ2a0lKU1NqZk02LWxhdlkwb3daal8wNTFkS1NNMGxVZ1BKUUxXcjBkSi0wcmsyMEh5ZWlLTVBBR1FHRjV5N0dabThYN0llVlZjTHM?oc=5\" target=\"_blank\" rel=\"nofollow noopener\">Buss backade ner i dike och blockerade v\u00e4g<\/a>&nbsp;&nbsp;V\u00e4sterbottens Mellanbygd<\/li>\n<li><a href=\"https:\/\/news.google.com\/rss\/articles\/CBMitwFBVV95cUxOMTlvX3BSWWZnU252QWp6UTFGdGlDV09FWlNleDJTZFdOSVNtMV80R0FsQTlHb3I3NGJVN3hIbWp6aVRoY2tuU1lmVklQbVVHWE5uZ2YybDRiVXVCRFJZUTUzcEYycUV6ckFiTkJwRmsxV2l6eTNZQ1hxUmJCN21uZkRPbU9zYXZXY1U0dUJqd3F1OG5NR2x3Smt0UTV0eVB6T3FDS2VDcU41czB1cHdTX0lLYjRQcFk?oc=5\" target=\"_blank\" rel=\"nofollow noopener\">Gumboda, singelolycka med buss.<\/a>&nbsp;&nbsp;Brottsplatskartan.se<\/li>\n<li><a href=\"https:\/\/news.google.com\/rss\/articles\/CBMiqAFBVV95cUxPNDN1SXZ1MW5LbnRJcnpuaElkc1Q4Y0YzZVJHUVJFenBIM3o5Y0tfb210TkN3WVF6aUU4MDdmUDJRR0hDUi1RX1hZd1dERFo1LXg0WnpCd1dWdTF0VzlmTHA0WDdSY1Z2QldDVUdCYVVvNk5va1FRQlJFaXRGTTR5YUFlSFFPcTRyNHlIbnFWaWttTXFfbjM5MkZDNDdyZjgySmZncS1jVEo?oc=5\" target=\"_blank\" rel=\"nofollow noopener\">Olycka p\u00e5 v\u00e4g 670 \u2013 v\u00e4gen \u00e4r helt avst\u00e4ngd<\/a>&nbsp;&nbsp;Norran<\/li>\n<\/ol>\n","protected":false},"excerpt":{"rendered":"I dag: Buss k\u00f6rde fel \u2013 backade ner i diket&nbsp;&nbsp;V\u00e4sterbottens-Kuriren Bussolycka \u2013 chauff\u00f6ren k\u00f6rde fel: \u201dBackade ner i&hellip;\n","protected":false},"author":2,"featured_media":121931,"comment_status":"","ping_status":"","sticky":false,"template":"","format":"standard","meta":{"footnotes":""},"categories":[12],"tags":[22,23,26,27,17,21,24,25,28,29,15,16,18,34,31,33,32,30,19,20],"class_list":{"0":"post-121930","1":"post","2":"type-post","3":"status-publish","4":"format-standard","5":"has-post-thumbnail","7":"category-sverige","8":"tag-breaking-news","9":"tag-breakingnews","10":"tag-featured-news","11":"tag-featurednews","12":"tag-headlines","13":"tag-huvudnyheter","14":"tag-latest-news","15":"tag-latestnews","16":"tag-main-news","17":"tag-mainnews","18":"tag-news","19":"tag-nyheter","20":"tag-rubriker","21":"tag-se","22":"tag-svenska","23":"tag-sverige","24":"tag-sweden","25":"tag-swedish","26":"tag-top-stories","27":"tag-topstories"},"share_on_mastodon":{"url":"https:\/\/pubeurope.com\/@se\/115815367538805484","error":""},"_links":{"self":[{"href":"https:\/\/www.europesays.com\/se\/wp-json\/wp\/v2\/posts\/121930","targetHints":{"allow":["GET"]}}],"collection":[{"href":"https:\/\/www.europesays.com\/se\/wp-json\/wp\/v2\/posts"}],"about":[{"href":"https:\/\/www.europesays.com\/se\/wp-json\/wp\/v2\/types\/post"}],"author":[{"embeddable":true,"href":"https:\/\/www.europesays.com\/se\/wp-json\/wp\/v2\/users\/2"}],"replies":[{"embeddable":true,"href":"https:\/\/www.europesays.com\/se\/wp-json\/wp\/v2\/comments?post=121930"}],"version-history":[{"count":0,"href":"https:\/\/www.europesays.com\/se\/wp-json\/wp\/v2\/posts\/121930\/revisions"}],"wp:featuredmedia":[{"embeddable":true,"href":"https:\/\/www.europesays.com\/se\/wp-json\/wp\/v2\/media\/121931"}],"wp:attachment":[{"href":"https:\/\/www.europesays.com\/se\/wp-json\/wp\/v2\/media?parent=121930"}],"wp:term":[{"taxonomy":"category","embeddable":true,"href":"https:\/\/www.europesays.com\/se\/wp-json\/wp\/v2\/categories?post=121930"},{"taxonomy":"post_tag","embeddable":true,"href":"https:\/\/www.europesays.com\/se\/wp-json\/wp\/v2\/tags?post=121930"}],"curies":[{"name":"wp","href":"https:\/\/api.w.org\/{rel}","templated":true}]}}