{"id":121934,"date":"2025-12-31T17:32:07","date_gmt":"2025-12-31T17:32:07","guid":{"rendered":"https:\/\/www.europesays.com\/se\/121934\/"},"modified":"2025-12-31T17:32:07","modified_gmt":"2025-12-31T17:32:07","slug":"jonathan-ring-forlanger-med-vsk-fotboll","status":"publish","type":"post","link":"https:\/\/www.europesays.com\/se\/121934\/","title":{"rendered":"Jonathan Ring f\u00f6rl\u00e4nger med VSK Fotboll"},"content":{"rendered":"\n<p>VSK Fotboll och Jonathan Ring \u00e4r \u00f6verens om ett nytt tv\u00e5\u00e5rigt avtal. 34-\u00e5riga mittf\u00e4ltaren f\u00f6rl\u00e4nger d\u00e4rmed sin sejour i Gr\u00f6nvitt och blir klubben trogen.<\/p>\n<p>Jonathan Ring hade en stark s\u00e4song i Superettan 2025 och var en av lagets mest p\u00e5litliga spelare. Han deltog i samtliga 30 matcher under \u00e5ret och var en nyckelfigur i sin centrala mittf\u00e4ltsroll. Med totalt 5 m\u00e5l och 7 assist bidrog han b\u00e5de offensivt och i spelet \u00f6ver hela planen.<\/p>\n<p>Ring har en gedigen meritlista med 10 allsvenska s\u00e4songer hos Kalmar FF och Djurg\u00e5rden, d\u00e4r han i den senare klubben ocks\u00e5 vann SM-guld. Ut\u00f6ver det s\u00e5 har han representerat Gen\u00e7lerbirli\u011fi i Turkiet och Jeju United i Sydkorea. <\/p>\n<p>Fotbollsansvarig Micke Lustig \u00e4r n\u00f6jd med f\u00f6rl\u00e4ngningen:<\/p>\n<p>\u201dJ\u00e4ttekul att Jonathan v\u00e4ljer att f\u00f6rl\u00e4nga med Gr\u00f6nvitt. Han var en nyckelspelare f\u00f6r oss under \u00e5ret och bidrar v\u00e4ldigt mycket b\u00e5de p\u00e5 och utanf\u00f6r planen med sin rutin. Som nykomlingar i Allsvenskan blir det extra viktigt att ha spelare p\u00e5 planen som har spelat d\u00e4r f\u00f6rr. Gott nytt \u00e5r och Heja Sport!\u201d<\/p>\n","protected":false},"excerpt":{"rendered":"VSK Fotboll och Jonathan Ring \u00e4r \u00f6verens om ett nytt tv\u00e5\u00e5rigt avtal. 34-\u00e5riga mittf\u00e4ltaren f\u00f6rl\u00e4nger d\u00e4rmed sin sejour&hellip;\n","protected":false},"author":2,"featured_media":121935,"comment_status":"","ping_status":"","sticky":false,"template":"","format":"standard","meta":{"footnotes":""},"categories":[68],"tags":[34,111,110,31,33,32,30],"class_list":{"0":"post-121934","1":"post","2":"type-post","3":"status-publish","4":"format-standard","5":"has-post-thumbnail","7":"category-sport","8":"tag-se","9":"tag-sport","10":"tag-sports","11":"tag-svenska","12":"tag-sverige","13":"tag-sweden","14":"tag-swedish"},"share_on_mastodon":{"url":"https:\/\/pubeurope.com\/@se\/115815379398186116","error":""},"_links":{"self":[{"href":"https:\/\/www.europesays.com\/se\/wp-json\/wp\/v2\/posts\/121934","targetHints":{"allow":["GET"]}}],"collection":[{"href":"https:\/\/www.europesays.com\/se\/wp-json\/wp\/v2\/posts"}],"about":[{"href":"https:\/\/www.europesays.com\/se\/wp-json\/wp\/v2\/types\/post"}],"author":[{"embeddable":true,"href":"https:\/\/www.europesays.com\/se\/wp-json\/wp\/v2\/users\/2"}],"replies":[{"embeddable":true,"href":"https:\/\/www.europesays.com\/se\/wp-json\/wp\/v2\/comments?post=121934"}],"version-history":[{"count":0,"href":"https:\/\/www.europesays.com\/se\/wp-json\/wp\/v2\/posts\/121934\/revisions"}],"wp:featuredmedia":[{"embeddable":true,"href":"https:\/\/www.europesays.com\/se\/wp-json\/wp\/v2\/media\/121935"}],"wp:attachment":[{"href":"https:\/\/www.europesays.com\/se\/wp-json\/wp\/v2\/media?parent=121934"}],"wp:term":[{"taxonomy":"category","embeddable":true,"href":"https:\/\/www.europesays.com\/se\/wp-json\/wp\/v2\/categories?post=121934"},{"taxonomy":"post_tag","embeddable":true,"href":"https:\/\/www.europesays.com\/se\/wp-json\/wp\/v2\/tags?post=121934"}],"curies":[{"name":"wp","href":"https:\/\/api.w.org\/{rel}","templated":true}]}}