{"id":121938,"date":"2025-12-31T17:35:11","date_gmt":"2025-12-31T17:35:11","guid":{"rendered":"https:\/\/www.europesays.com\/se\/121938\/"},"modified":"2025-12-31T17:35:11","modified_gmt":"2025-12-31T17:35:11","slug":"munters-vinner-rekordordrar-for-datacenter-utrustning-till-ett-totalt-varde-av-21-bsek","status":"publish","type":"post","link":"https:\/\/www.europesays.com\/se\/121938\/","title":{"rendered":"Munters vinner rekordordrar f\u00f6r datacenter-utrustning till ett totalt v\u00e4rde av 2,1 BSEK"},"content":{"rendered":"<p>&#13;<br \/>\n                        &#13;<br \/>\n&#13;<\/p>\n<p>                                    <img decoding=\"async\" src=\"https:\/\/www.europesays.com\/se\/wp-content\/uploads\/2025\/12\/9bbdf0b010214f13_800x800ar.jpeg\"\/><br \/>\n                                &#13;<br \/>\n&#13;<\/p>\n<p>Munters aff\u00e4rsomr\u00e5de Data Center Technologies (DCT) har mottagit ordrar p\u00e5 CRAH-enheter (Computer Room Air Handlers), distributionsenheter f\u00f6r kylvatten (CDU:er) och chillers till ett totalt v\u00e4rde av cirka 2,1 BSEK. Kunden \u00e4r en colocation-datacenteroperat\u00f6r i USA, och leveranserna \u00e4r planerade att inledas under fj\u00e4rde kvartalet 2026 och forts\u00e4tta till och med f\u00f6rsta kvartalet 2028.<\/p>\n<p>&#13;<\/p>\n<p style=\"margin-bottom:6pt;margin-top:12px;\">Munters\u00a0Group (MTRS), en global ledare inom energieffektiva l\u00f6sningar f\u00f6r luftbehandling och klimatkontroll, har genom aff\u00e4rsomr\u00e5det\u00a0DCT mottagit ordrar fr\u00e5n en colocation-kund i USA. Ordrarna, som kommer att inkluderas i Munters ordering\u00e5ng f\u00f6r fj\u00e4rde kvartalet 2025, omfattar samtliga huvudkomponenter f\u00f6r kundens kylvatteninfrastruktur, inklusive kundanpassade CRAH-enheter, CDU:er och Geoclima Circlemiser-chillers samt service f\u00f6r uppstart och drifts\u00e4ttning. Produktionen kommer att ske i Munters produktionsanl\u00e4ggning f\u00f6r datacenter i USA, med leveranser till flera datacenter runt om i landet. Leveranserna inleds under fj\u00e4rde kvartalet 2026 och forts\u00e4tter genom f\u00f6rsta kvartalet 2028.<\/p>\n<p style=\"margin-bottom:6pt; margin-top:0pt;\">\u201dV\u00e5rt l\u00e5ngvariga samarbete med denna kund bygger p\u00e5 deras f\u00f6rtroende f\u00f6r Munters och v\u00e5r kontinuerliga teknikutveckling. I en mycket kr\u00e4vande milj\u00f6 visar ett \u00e5tagande av denna omfattning det f\u00f6rtroende kunderna har till v\u00e5r f\u00f6rm\u00e5ga att skala upp och konkurrera. DCT-teamet har byggt en produktportf\u00f6lj och de f\u00f6rm\u00e5gor som kr\u00e4vs f\u00f6r att verka p\u00e5 h\u00f6gsta professionella niv\u00e5, med stark operationell disciplin och djup teknisk kompetens i komplexa, storskaliga projekt,\u201d s\u00e4ger Klas Forsstr\u00f6m, vd och koncernchef f\u00f6r Munters.<\/p>\n<p style=\"margin-bottom:6pt; margin-top:0pt;\">\u201dDessa ordrar speglar p\u00e5 ett tydligt s\u00e4tt visionen bakom v\u00e5rt f\u00f6rv\u00e4rv av Geoclima \u2013 att bredda v\u00e5rt deltagande i v\u00e4rdekedjan och kunna leverera kompletta kylvattensystem till kunder. Ordern omfattar enheter f\u00f6r b\u00e5de luft- och v\u00e4tskekylning och t\u00e4cker hela hanteringen av temperaturer, fr\u00e5n serverhallarna till v\u00e4rmeavledning utomhus, genom en kombination av v\u00e5r egen teknikutveckling och den teknologi som tillkom genom f\u00f6rv\u00e4rvet. Det visar p\u00e5 v\u00e5r utveckling att g\u00e5 fr\u00e5n nischledarskap till ett bredare teknologiskt ledarskap,&#8221; s\u00e4ger Stefan Aspman, aff\u00e4rsomr\u00e5deschef DCT och Group Vice President p\u00e5 Munters.<\/p>\n<p style=\" margin-bottom:6pt; margin-top:0pt;\"><strong>\u00a0<\/strong><\/p>\n<p style=\"margin-bottom:6pt; margin-top:0pt;\">Denna information \u00e4r s\u00e5dan information som Munters Group AB \u00e4r skyldigt att offentligg\u00f6ra enligt EU:s marknadsmissbruksf\u00f6rordning. Informationen l\u00e4mnades, genom nedanst\u00e5ende kontaktpersons f\u00f6rsorg, f\u00f6r offentligg\u00f6rande den 31\u00a0december 2025 klockan 18.15\u00a0CET.<\/p>\n<p style=\" margin-bottom:6pt; margin-top:0pt;\"><strong>F\u00f6r mer information<\/strong><\/p>\n<p style=\" margin-bottom:6pt; margin-top:0pt;\">Investerare och analytiker\u00a0<br \/>Line Dov\u00e4rn, Head of Investor Relations\u00a0\u00a0<br \/>E-mail:\u00a0<a href=\"https:\/\/news.cision.com\/se\/munters-group-ab\/r\/mailto:line.dovarn@munters.com\" target=\"_blank\" rel=\"nofollow noopener\">line.dovarn@munters.com<\/a>, Tel: +46 (0)730\u00a0488 444\u00a0\u00a0\u00a0<\/p>\n<p style=\" margin-bottom:6pt; margin-top:0pt;\">Media<br \/>Daniel Frykholm, VP External Relations &amp; Internal Communications<br \/>E-mail:\u00a0<a href=\"https:\/\/news.cision.com\/se\/munters-group-ab\/r\/mailto:daniel.frykholm@munters.com\" rel=\"nofollow noopener\" target=\"_blank\">daniel.frykholm@munters.com<\/a>, Tel: +46 (0)70\u00a0206 7786<\/p>\n<p style=\" margin-bottom:6pt; margin-top:0pt;\">\u00a0<\/p>\n<p>&#13;<br \/>\n&#13;<br \/>\n&#13;<br \/>\n&#13;<\/p>\n<p><strong>Om Munters Group<\/strong><br \/>Munters \u00e4r en v\u00e4rldsledande leverant\u00f6r av energieffektiva l\u00f6sningar f\u00f6r luftbehandling. Genom innovativ teknik skapar v\u00e5ra experter ett perfekt klimat f\u00f6r kunder inom ett flertal branscher. Munters har definierat framtiden f\u00f6r luftbehandling sedan f\u00f6retaget grundades 1955. Idag bedriver cirka 5 000 anst\u00e4llda tillverkning och f\u00f6rs\u00e4ljning i mer \u00e4n 25 l\u00e4nder. Munters Group AB redovisade 2024 en nettooms\u00e4ttning p\u00e5 mer \u00e4n 15 miljarder SEK och \u00e4r\u00a0noterat p\u00e5 Nasdaq Stockholm. F\u00f6r mer information bes\u00f6k\u00a0<a href=\"https:\/\/www.munters.com\" rel=\"nofollow noopener\" target=\"_blank\">www.munters.com<\/a>.<\/p>\n","protected":false},"excerpt":{"rendered":"&#13; &#13; &#13; &#13; &#13; Munters aff\u00e4rsomr\u00e5de Data Center Technologies (DCT) har mottagit ordrar p\u00e5 CRAH-enheter (Computer Room&hellip;\n","protected":false},"author":2,"featured_media":121939,"comment_status":"","ping_status":"","sticky":false,"template":"","format":"standard","meta":{"footnotes":""},"categories":[65],"tags":[72,70,71,34,31,33,32,30],"class_list":{"0":"post-121938","1":"post","2":"type-post","3":"status-publish","4":"format-standard","5":"has-post-thumbnail","7":"category-ekonomi","8":"tag-business","9":"tag-economy","10":"tag-ekonomi","11":"tag-se","12":"tag-svenska","13":"tag-sverige","14":"tag-sweden","15":"tag-swedish"},"share_on_mastodon":{"url":"https:\/\/pubeurope.com\/@se\/115815391104246990","error":""},"_links":{"self":[{"href":"https:\/\/www.europesays.com\/se\/wp-json\/wp\/v2\/posts\/121938","targetHints":{"allow":["GET"]}}],"collection":[{"href":"https:\/\/www.europesays.com\/se\/wp-json\/wp\/v2\/posts"}],"about":[{"href":"https:\/\/www.europesays.com\/se\/wp-json\/wp\/v2\/types\/post"}],"author":[{"embeddable":true,"href":"https:\/\/www.europesays.com\/se\/wp-json\/wp\/v2\/users\/2"}],"replies":[{"embeddable":true,"href":"https:\/\/www.europesays.com\/se\/wp-json\/wp\/v2\/comments?post=121938"}],"version-history":[{"count":0,"href":"https:\/\/www.europesays.com\/se\/wp-json\/wp\/v2\/posts\/121938\/revisions"}],"wp:featuredmedia":[{"embeddable":true,"href":"https:\/\/www.europesays.com\/se\/wp-json\/wp\/v2\/media\/121939"}],"wp:attachment":[{"href":"https:\/\/www.europesays.com\/se\/wp-json\/wp\/v2\/media?parent=121938"}],"wp:term":[{"taxonomy":"category","embeddable":true,"href":"https:\/\/www.europesays.com\/se\/wp-json\/wp\/v2\/categories?post=121938"},{"taxonomy":"post_tag","embeddable":true,"href":"https:\/\/www.europesays.com\/se\/wp-json\/wp\/v2\/tags?post=121938"}],"curies":[{"name":"wp","href":"https:\/\/api.w.org\/{rel}","templated":true}]}}