{"id":12194,"date":"2025-08-24T04:50:11","date_gmt":"2025-08-24T04:50:11","guid":{"rendered":"https:\/\/www.europesays.com\/se\/12194\/"},"modified":"2025-08-24T04:50:11","modified_gmt":"2025-08-24T04:50:11","slug":"nya-tullregler-stoppar-paket-till-usa-beror-alla-lander","status":"publish","type":"post","link":"https:\/\/www.europesays.com\/se\/12194\/","title":{"rendered":"Nya tullregler stoppar paket till USA: \u201dBer\u00f6r alla l\u00e4nder\u201d"},"content":{"rendered":"<p>\u00c4ndrade tullregler i USA g\u00f6r att paket fr\u00e5n Sverige och flera andra l\u00e4nder nu stoppas, skriver TT. Tidigare har varor till ett v\u00e4rde l\u00e4gre \u00e4n 800 dollar kunnat skickas in tullfritt i USA, n\u00e5got som \u00e4ndrats under sommaren. Men fortfarande \u00e4r det oklart hur paketen ska tullas och hur mycket tull de ska bel\u00e4ggas med. <\/p>\n<p>S\u00e5 l\u00e4nge som det reds ut kommer paketen som skickas via Postnord att returneras till avs\u00e4ndaren. Bj\u00f6rn Bergman, kommunikationschef p\u00e5 Postnord, uppger att f\u00f6r\u00e4ndringen fr\u00e4mst kommer att drabba sm\u00e5- och medelstora e-handelsbolag. <\/p>\n<p>\u2013 Detta \u00e4r v\u00e4rldsomfattande och ber\u00f6r alla l\u00e4nder, s\u00e4ger han till TT. <\/p>\n<p>Omni \u00e4r politiskt obundna och oberoende. Vi str\u00e4var efter att ge fler perspektiv p\u00e5 nyheterna. Har du fr\u00e5gor eller synpunkter kring v\u00e5r rapportering? <a href=\"https:\/\/omni.se\/nya-tullregler-stoppar-paket-till-usa-beror-alla-lander\/a\/mailto:redaktion@omni.se\" class=\"ArticleActions_contactLink__W2F1M\" rel=\"nofollow noopener\" target=\"_blank\">Kontakta redaktionen<\/a><\/p>\n","protected":false},"excerpt":{"rendered":"\u00c4ndrade tullregler i USA g\u00f6r att paket fr\u00e5n Sverige och flera andra l\u00e4nder nu stoppas, skriver TT. Tidigare&hellip;\n","protected":false},"author":2,"featured_media":12195,"comment_status":"","ping_status":"","sticky":false,"template":"","format":"standard","meta":{"footnotes":""},"categories":[65],"tags":[72,1674,70,71,951,1673,34,31,33,32,30,77],"class_list":{"0":"post-12194","1":"post","2":"type-post","3":"status-publish","4":"format-standard","5":"has-post-thumbnail","7":"category-ekonomi","8":"tag-business","9":"tag-e-handel","10":"tag-economy","11":"tag-ekonomi","12":"tag-handel-tjanster","13":"tag-postnord","14":"tag-se","15":"tag-svenska","16":"tag-sverige","17":"tag-sweden","18":"tag-swedish","19":"tag-tullkrisen"},"share_on_mastodon":{"url":"","error":""},"_links":{"self":[{"href":"https:\/\/www.europesays.com\/se\/wp-json\/wp\/v2\/posts\/12194","targetHints":{"allow":["GET"]}}],"collection":[{"href":"https:\/\/www.europesays.com\/se\/wp-json\/wp\/v2\/posts"}],"about":[{"href":"https:\/\/www.europesays.com\/se\/wp-json\/wp\/v2\/types\/post"}],"author":[{"embeddable":true,"href":"https:\/\/www.europesays.com\/se\/wp-json\/wp\/v2\/users\/2"}],"replies":[{"embeddable":true,"href":"https:\/\/www.europesays.com\/se\/wp-json\/wp\/v2\/comments?post=12194"}],"version-history":[{"count":0,"href":"https:\/\/www.europesays.com\/se\/wp-json\/wp\/v2\/posts\/12194\/revisions"}],"wp:featuredmedia":[{"embeddable":true,"href":"https:\/\/www.europesays.com\/se\/wp-json\/wp\/v2\/media\/12195"}],"wp:attachment":[{"href":"https:\/\/www.europesays.com\/se\/wp-json\/wp\/v2\/media?parent=12194"}],"wp:term":[{"taxonomy":"category","embeddable":true,"href":"https:\/\/www.europesays.com\/se\/wp-json\/wp\/v2\/categories?post=12194"},{"taxonomy":"post_tag","embeddable":true,"href":"https:\/\/www.europesays.com\/se\/wp-json\/wp\/v2\/tags?post=12194"}],"curies":[{"name":"wp","href":"https:\/\/api.w.org\/{rel}","templated":true}]}}