{"id":121942,"date":"2025-12-31T17:40:08","date_gmt":"2025-12-31T17:40:08","guid":{"rendered":"https:\/\/www.europesays.com\/se\/121942\/"},"modified":"2025-12-31T17:40:08","modified_gmt":"2025-12-31T17:40:08","slug":"fotboll-systrarna-matilda-och-amanda-nilden-blir-lagkamrater-i-tottenham","status":"publish","type":"post","link":"https:\/\/www.europesays.com\/se\/121942\/","title":{"rendered":"Fotboll: Systrarna Matilda och Amanda Nild\u00e9n blir lagkamrater i Tottenham"},"content":{"rendered":"<p>Efter tv\u00e5 s\u00e4songer och ett SM-guld i H\u00e4cken l\u00e4mnar Matilda Nild\u00e9n. Anfallaren s\u00e4ljs till Tottenham.<\/p>\n<p>\u201dJag \u00e4r s\u00e5 exalterad och verkligen glad \u00f6ver att vara h\u00e4r. Jag tycker att det h\u00e4r \u00e4r r\u00e4tt steg f\u00f6r mig, eftersom klubben vill utveckla spelare och jag k\u00e4nner att de har en tydlig plan f\u00f6r mig\u201d, s\u00e4ger Nild\u00e9n p\u00e5 engelska klubbens hemsida.<\/p>\n<p>Ut\u00f6ver att hon blir lagkamrat med storasyster Amanda Nild\u00e9n \u00e5terf\u00f6renas Matilda med Hanna Wijk och Josefine Rybrink, som hon tidigare spelat med i H\u00e4cken. <\/p>\n<p>Matilda Nild\u00e9n ansl\u00f6t till H\u00e4cken inf\u00f6r s\u00e4songen 2024 fr\u00e5n AIK.<\/p>\n<p>\u201dJag trodde inte att det skulle vara s\u00e5 k\u00e4nslosamt att ta steget fr\u00e5n H\u00e4cken. Jag k\u00e4nner verkligen att alla har betytt s\u00e5 mycket \u2013 lagkamraterna, ledarna och m\u00e4nniskorna runtom\u201d, s\u00e4ger hon i ett uttalande p\u00e5 H\u00e4ckens webbplats.<\/p>\n","protected":false},"excerpt":{"rendered":"Efter tv\u00e5 s\u00e4songer och ett SM-guld i H\u00e4cken l\u00e4mnar Matilda Nild\u00e9n. Anfallaren s\u00e4ljs till Tottenham. \u201dJag \u00e4r s\u00e5&hellip;\n","protected":false},"author":2,"featured_media":121943,"comment_status":"","ping_status":"","sticky":false,"template":"","format":"standard","meta":{"footnotes":""},"categories":[68],"tags":[34,111,110,31,33,32,30],"class_list":{"0":"post-121942","1":"post","2":"type-post","3":"status-publish","4":"format-standard","5":"has-post-thumbnail","7":"category-sport","8":"tag-se","9":"tag-sport","10":"tag-sports","11":"tag-svenska","12":"tag-sverige","13":"tag-sweden","14":"tag-swedish"},"share_on_mastodon":{"url":"https:\/\/pubeurope.com\/@se\/115815410800665975","error":""},"_links":{"self":[{"href":"https:\/\/www.europesays.com\/se\/wp-json\/wp\/v2\/posts\/121942","targetHints":{"allow":["GET"]}}],"collection":[{"href":"https:\/\/www.europesays.com\/se\/wp-json\/wp\/v2\/posts"}],"about":[{"href":"https:\/\/www.europesays.com\/se\/wp-json\/wp\/v2\/types\/post"}],"author":[{"embeddable":true,"href":"https:\/\/www.europesays.com\/se\/wp-json\/wp\/v2\/users\/2"}],"replies":[{"embeddable":true,"href":"https:\/\/www.europesays.com\/se\/wp-json\/wp\/v2\/comments?post=121942"}],"version-history":[{"count":0,"href":"https:\/\/www.europesays.com\/se\/wp-json\/wp\/v2\/posts\/121942\/revisions"}],"wp:featuredmedia":[{"embeddable":true,"href":"https:\/\/www.europesays.com\/se\/wp-json\/wp\/v2\/media\/121943"}],"wp:attachment":[{"href":"https:\/\/www.europesays.com\/se\/wp-json\/wp\/v2\/media?parent=121942"}],"wp:term":[{"taxonomy":"category","embeddable":true,"href":"https:\/\/www.europesays.com\/se\/wp-json\/wp\/v2\/categories?post=121942"},{"taxonomy":"post_tag","embeddable":true,"href":"https:\/\/www.europesays.com\/se\/wp-json\/wp\/v2\/tags?post=121942"}],"curies":[{"name":"wp","href":"https:\/\/api.w.org\/{rel}","templated":true}]}}