{"id":121944,"date":"2025-12-31T17:41:15","date_gmt":"2025-12-31T17:41:15","guid":{"rendered":"https:\/\/www.europesays.com\/se\/121944\/"},"modified":"2025-12-31T17:41:15","modified_gmt":"2025-12-31T17:41:15","slug":"valter-nilsson-goteborg-popmuzik","status":"publish","type":"post","link":"https:\/\/www.europesays.com\/se\/121944\/","title":{"rendered":"Valter Nilsson &#8211; G\u00f6teborg &#8211; Popmuzik"},"content":{"rendered":"<blockquote class=\"wp-block-quote is-layout-flow wp-block-quote-is-layout-flow\">\n<p>\u201dG\u00f6teborg, du sjunger falskt, b\u00e4ttre det \u00e4n att inte sjunga n\u00e5got alls.\u201d<\/p>\n<\/blockquote>\n<p>Jag hade ingen direkt koll p\u00e5 <strong>Valter Nilsson<\/strong> f\u00f6rr\u00e4n jag s\u00e5g honom p\u00e5 Slakthuset Block Party i somras. Om man bortser fr\u00e5n de n\u00e5got f\u00f6r korta 80-talsshortsen s\u00e5 var den en riktigt grym spelning med bra \u00f6s. Det var en av de d\u00e4r fina uppt\u00e4ckterna n\u00e4r jag inte hade n\u00e5gra som helst f\u00f6rv\u00e4ntningar och efter en kort stund stod och diggade till de r\u00f6df\u00e4rgade texterna fr\u00e5n arbetarstaden G\u00f6teborg. <\/p>\n<p><a href=\"https:\/\/music.apple.com\/se\/playlist\/favoriter\/pl.u-b3b8RA9UZ6ZJy\" rel=\"nofollow noopener\" target=\"_blank\"><img decoding=\"async\" src=\"https:\/\/www.europesays.com\/se\/wp-content\/uploads\/2025\/12\/Banner-Apple-Music-Favoriter-2024.png\" alt=\"Popmuzik Favoriter\" class=\"lazyload\" style=\"--smush-placeholder-width: 1900px; --smush-placeholder-aspect-ratio: 1900\/1100;\"\/><\/a><\/p>\n<p>Under h\u00f6sten har Valter sl\u00e4ppt biljetter till de konserter han ska ha under 2026. Pustervik s\u00e5lde han ut tre g\u00e5nger och sedan ska han krama hela staden genom att ha en spelning p\u00e5 Bananpiren till sommaren. \u00c4ven den konserten s\u00e5ldes slut p\u00e5 kort tid. Kanske Valter kan bli tredje G\u00f6teborgaren att s\u00e4lja ut Ullevi om n\u00e5got \u00e5r? Folk vill ju uppenbarligen se honom live, och som sagt efter konserten som jag var p\u00e5 s\u00e5 \u00e4r det f\u00f6rst\u00e5ligt. <\/p>\n<p>Idag \u2013 p\u00e5 sj\u00e4lvaste ny\u00e5rsafton \u2013 firar han sin hemstad med l\u00e5ten som heter kort och gott G\u00f6teborg. En hyllning till staden som \u00e4r lillebror, som \u00e4r kranar och <strong>H\u00e5kan Hellstr\u00f6m<\/strong>. Staden som \u00e4r Lilla London, f\u00f6rsta Maj och som \u00e4r bl\u00f6t och kallt. <br \/>H\u00e4r tar Valter med oss p\u00e5 en vandring med nedslag i olika st\u00e4llen av staden, samt en del sociala och politiska inslag av det som en g\u00e5ng var G\u00f6teborg och hur den ocks\u00e5 utvecklats. Kanske inte till det b\u00e4ttre alla g\u00e5nger\u2026 <br \/>G\u00f6teborg levereras till ett snyggt str\u00e5karrangemang signerat <strong>Samuel Runsteen<\/strong> och producerad av <strong>Johan Weber<\/strong>. <\/p>\n<p>F\u00f6lj med p\u00e5 Nilssons fina promenad i G\u00f6teborg h\u00e4r nedan. <\/p>\n","protected":false},"excerpt":{"rendered":"\u201dG\u00f6teborg, du sjunger falskt, b\u00e4ttre det \u00e4n att inte sjunga n\u00e5got alls.\u201d Jag hade ingen direkt koll p\u00e5&hellip;\n","protected":false},"author":2,"featured_media":121945,"comment_status":"","ping_status":"","sticky":false,"template":"","format":"standard","meta":{"footnotes":""},"categories":[67],"tags":[104,34,31,33,32,30,105],"class_list":{"0":"post-121944","1":"post","2":"type-post","3":"status-publish","4":"format-standard","5":"has-post-thumbnail","7":"category-underhallning","8":"tag-entertainment","9":"tag-se","10":"tag-svenska","11":"tag-sverige","12":"tag-sweden","13":"tag-swedish","14":"tag-underhallning"},"share_on_mastodon":{"url":"https:\/\/pubeurope.com\/@se\/115815414689213212","error":""},"_links":{"self":[{"href":"https:\/\/www.europesays.com\/se\/wp-json\/wp\/v2\/posts\/121944","targetHints":{"allow":["GET"]}}],"collection":[{"href":"https:\/\/www.europesays.com\/se\/wp-json\/wp\/v2\/posts"}],"about":[{"href":"https:\/\/www.europesays.com\/se\/wp-json\/wp\/v2\/types\/post"}],"author":[{"embeddable":true,"href":"https:\/\/www.europesays.com\/se\/wp-json\/wp\/v2\/users\/2"}],"replies":[{"embeddable":true,"href":"https:\/\/www.europesays.com\/se\/wp-json\/wp\/v2\/comments?post=121944"}],"version-history":[{"count":0,"href":"https:\/\/www.europesays.com\/se\/wp-json\/wp\/v2\/posts\/121944\/revisions"}],"wp:featuredmedia":[{"embeddable":true,"href":"https:\/\/www.europesays.com\/se\/wp-json\/wp\/v2\/media\/121945"}],"wp:attachment":[{"href":"https:\/\/www.europesays.com\/se\/wp-json\/wp\/v2\/media?parent=121944"}],"wp:term":[{"taxonomy":"category","embeddable":true,"href":"https:\/\/www.europesays.com\/se\/wp-json\/wp\/v2\/categories?post=121944"},{"taxonomy":"post_tag","embeddable":true,"href":"https:\/\/www.europesays.com\/se\/wp-json\/wp\/v2\/tags?post=121944"}],"curies":[{"name":"wp","href":"https:\/\/api.w.org\/{rel}","templated":true}]}}