{"id":121948,"date":"2025-12-31T17:46:09","date_gmt":"2025-12-31T17:46:09","guid":{"rendered":"https:\/\/www.europesays.com\/se\/121948\/"},"modified":"2025-12-31T17:46:09","modified_gmt":"2025-12-31T17:46:09","slug":"tobias-onskar-gott-nytt-ar","status":"publish","type":"post","link":"https:\/\/www.europesays.com\/se\/121948\/","title":{"rendered":"Tobias \u00f6nskar gott nytt \u00e5r"},"content":{"rendered":"<p>\t\t\t<img decoding=\"async\" src=\"https:\/\/www.europesays.com\/se\/wp-content\/uploads\/2025\/12\/251231-tobias-pettersson-nyarshalsning-pressbild-720x432.png\"   class=\"srcset block-text-image__img\" alt=\"\"\/><\/p>\n<p class=\"block-text-image__picture-text small-paragraph\">Kommunalr\u00e5det Tobias Pettersson (M) \u00f6nskar alla kommuninv\u00e5nare ett gott nytt \u00e5r. Bild: Pressbild<\/p>\n<p>Ny\u00e5rsh\u00e4lsning<\/p>\n<p>Ett nytt \u00e5r st\u00e5r nu f\u00f6r d\u00f6rren, en tid som bjuder in till b\u00e5de eftertanke och framtidstro. Det \u00e4r ett tillf\u00e4lle att summera det g\u00e5ngna \u00e5ret, men ocks\u00e5 att blicka fram\u00e5t mot nya m\u00f6jligheter. Tillsammans har vi i V\u00e4rnamo kommun visat ansvar, engagemang och handlingskraft i en tid som pr\u00e4glats av ekonomiska utmaningar i omv\u00e4rlden.<\/p>\n<p>Ofta domineras nyhetsfl\u00f6det av rubriker som lyfter fram problem, brister eller misstag. Ibland handlar det om mindre h\u00e4ndelser, ibland om st\u00f6rre fr\u00e5gor som riskerar att pr\u00e4gla bilden av v\u00e5r kommun. Sj\u00e4lvklart finns det utmaningar, och dem tar vi p\u00e5 allvar, b\u00e5de politiskt och i v\u00e5ra verksamheter. Men vi f\u00e5r aldrig l\u00e5ta enskilda rubriker skymma helheten.\u00a0F\u00f6r sanningen \u00e4r att V\u00e4rnamo \u00e4r en stark och v\u00e4lsk\u00f6tt kommun. Vi har engagerade medarbetare och inv\u00e5nare, ett livskraftigt f\u00f6reningsliv, ett starkt n\u00e4ringsliv och en politik som varje dag arbetar f\u00f6r en b\u00e4ttre morgondag.<\/p>\n<p>Under de senaste \u00e5ren har vi, ut\u00f6ver riktade satsningar i budget, st\u00e4rkt v\u00e4lf\u00e4rden med 54 miljoner kronor i permanenta ram\u00f6kningar. Det \u00e4r investeringar som g\u00f6r verklig skillnad i m\u00e4nniskors vardag, i skolan, omsorgen och den kommunala servicen och n\u00e5got vi \u00e4r stolta \u00f6ver. Samtidigt som m\u00e5nga kommuner tvingats till neddragningar har V\u00e4rnamo haft m\u00f6jlighet att investera i b\u00e5de v\u00e4lf\u00e4rd och framtid.<\/p>\n<p>Under mandatperioden har kommunstyrelsen hittills fattat 1 345 beslut. Det vittnar om ett h\u00f6gt tempo och ett m\u00e5lmedvetet arbete f\u00f6r att g\u00f6ra V\u00e4rnamo starkare, gr\u00f6nare, mer attraktivt och tryggare. Besluten sp\u00e4nner \u00f6ver hela kommunens ansvarsomr\u00e5den, fr\u00e5n stora strategiska v\u00e4gval till f\u00f6rb\u00e4ttringar i det dagliga arbetet.<\/p>\n<p>\u00c4ven mycket av det som inte alltid syns har bidragit till positiva f\u00f6r\u00e4ndringar, till exempel:\u00a0Flera \u00e4ldreboenden har f\u00e5tt m\u00f6jlighet att handla specerier direkt i lokala butiker, vilket \u00f6kar flexibiliteten, f\u00f6rb\u00e4ttrar servicen, minskar matsvinnet och gynnar lokala handlare.<\/p>\n<p>Lokalv\u00e5rden har inf\u00f6rt nya och mer effektiva arbetss\u00e4tt som d\u00e4mpar kostnads\u00f6kningarna inf\u00f6r 2026, vilket frig\u00f6r resurser till skola, v\u00e5rd och omsorg.<\/p>\n<p>Mer resurser har tillf\u00f6rts Tidiga samordnade insatser f\u00f6r att tidigt f\u00e5nga upp barn och unga som riskerar att hamna utanf\u00f6r.<\/p>\n<p>Inom omsorgsn\u00e4mndens omr\u00e5de har viktiga beslut fattats f\u00f6r att st\u00e4rka kvalitet, trygghet och l\u00e5ngsiktighet. Grundbemanningen p\u00e5 s\u00e4rskilda boenden har \u00f6kats, flera boenden har konverterats till renodlade demensboenden och boendest\u00f6d samt trygghetsboenden har utvecklats. Inf\u00f6rande av belastningsregisterutdrag vid nyanst\u00e4llningar st\u00e4rker ytterligare tryggheten och kvaliteten f\u00f6r seniorer i behov av v\u00e5rd och omsorg.<\/p>\n<p>V\u00e4rnamo \u00e4r dessutom en stark n\u00e4ringslivskommun. Vi tillh\u00f6r de kommuner d\u00e4r n\u00e4ringslivet producerar mer \u00e4n vad som f\u00f6rbrukas lokalt. Det \u00e4r ett tydligt kvitto p\u00e5 drivkraft, entrepren\u00f6rskap och god samverkan och en avg\u00f6rande grund f\u00f6r v\u00e4lf\u00e4rden, b\u00e5de h\u00e4r och i hela Sverige.<\/p>\n<p>Samtidigt st\u00e5r vi inf\u00f6r betydande utmaningar fram\u00f6ver, inte minst kopplade till demografin. F\u00e4rre barn och fler \u00e4ldre f\u00f6r\u00e4ndrar f\u00f6ruts\u00e4ttningarna i grunden. Det kommer att kr\u00e4va sv\u00e5ra och ibland sm\u00e4rtsamma beslut. I ett val\u00e5r kommer m\u00e5nga f\u00f6rslag och snabba l\u00f6sningar att presenteras fr\u00e5n b\u00e5de h\u00f6ger och v\u00e4nster, men varje f\u00f6rslag m\u00e5ste ocks\u00e5 svara p\u00e5 hur det ska genomf\u00f6ras och finansieras.<\/p>\n<p>Med detta i ryggen g\u00e5r vi in i det nya \u00e5ret med b\u00e5de \u00f6dmjukhet och tillf\u00f6rsikt. Utmaningar finns, men vi har visat att vi tillsammans kan m\u00f6ta dem.<\/p>\n<p>Jag vill rikta ett varmt tack till er alla, inv\u00e5nare, f\u00f6retagare, f\u00f6reningsliv och kommunens medarbetare f\u00f6r ert engagemang och ert arbete f\u00f6r V\u00e4rnamo kommun och en \u00e4nnu b\u00e4ttre morgondag.<\/p>\n<p>Jag \u00f6nskar er ett gott slut p\u00e5 \u00e5ret och ett riktigt gott nytt \u00e5r, fyllt av hopp, gemenskap och framtidstro.<\/p>\n<p><strong>Tobias Pettersson (M)<br \/><\/strong><strong>Kommunstyrelseordf\u00f6rande<\/strong><\/p>\n","protected":false},"excerpt":{"rendered":"Kommunalr\u00e5det Tobias Pettersson (M) \u00f6nskar alla kommuninv\u00e5nare ett gott nytt \u00e5r. Bild: Pressbild Ny\u00e5rsh\u00e4lsning Ett nytt \u00e5r st\u00e5r&hellip;\n","protected":false},"author":2,"featured_media":121949,"comment_status":"","ping_status":"","sticky":false,"template":"","format":"standard","meta":{"footnotes":""},"categories":[5],"tags":[22,23,26,27,17,21,24,25,28,29,15,16,18,34,31,33,32,30,19,20],"class_list":{"0":"post-121948","1":"post","2":"type-post","3":"status-publish","4":"format-standard","5":"has-post-thumbnail","7":"category-rubriker","8":"tag-breaking-news","9":"tag-breakingnews","10":"tag-featured-news","11":"tag-featurednews","12":"tag-headlines","13":"tag-huvudnyheter","14":"tag-latest-news","15":"tag-latestnews","16":"tag-main-news","17":"tag-mainnews","18":"tag-news","19":"tag-nyheter","20":"tag-rubriker","21":"tag-se","22":"tag-svenska","23":"tag-sverige","24":"tag-sweden","25":"tag-swedish","26":"tag-top-stories","27":"tag-topstories"},"share_on_mastodon":{"url":"https:\/\/pubeurope.com\/@se\/115815434407843700","error":""},"_links":{"self":[{"href":"https:\/\/www.europesays.com\/se\/wp-json\/wp\/v2\/posts\/121948","targetHints":{"allow":["GET"]}}],"collection":[{"href":"https:\/\/www.europesays.com\/se\/wp-json\/wp\/v2\/posts"}],"about":[{"href":"https:\/\/www.europesays.com\/se\/wp-json\/wp\/v2\/types\/post"}],"author":[{"embeddable":true,"href":"https:\/\/www.europesays.com\/se\/wp-json\/wp\/v2\/users\/2"}],"replies":[{"embeddable":true,"href":"https:\/\/www.europesays.com\/se\/wp-json\/wp\/v2\/comments?post=121948"}],"version-history":[{"count":0,"href":"https:\/\/www.europesays.com\/se\/wp-json\/wp\/v2\/posts\/121948\/revisions"}],"wp:featuredmedia":[{"embeddable":true,"href":"https:\/\/www.europesays.com\/se\/wp-json\/wp\/v2\/media\/121949"}],"wp:attachment":[{"href":"https:\/\/www.europesays.com\/se\/wp-json\/wp\/v2\/media?parent=121948"}],"wp:term":[{"taxonomy":"category","embeddable":true,"href":"https:\/\/www.europesays.com\/se\/wp-json\/wp\/v2\/categories?post=121948"},{"taxonomy":"post_tag","embeddable":true,"href":"https:\/\/www.europesays.com\/se\/wp-json\/wp\/v2\/tags?post=121948"}],"curies":[{"name":"wp","href":"https:\/\/api.w.org\/{rel}","templated":true}]}}