{"id":121952,"date":"2025-12-31T17:49:16","date_gmt":"2025-12-31T17:49:16","guid":{"rendered":"https:\/\/www.europesays.com\/se\/121952\/"},"modified":"2025-12-31T17:49:16","modified_gmt":"2025-12-31T17:49:16","slug":"sa-firar-roslagskandisarna-nyar-norrtelje-tidning","status":"publish","type":"post","link":"https:\/\/www.europesays.com\/se\/121952\/","title":{"rendered":"S\u00e5 firar Roslagsk\u00e4ndisarna ny\u00e5r \u2013 Norrtelje Tidning"},"content":{"rendered":"<p>Champagne, Thailand och kneg i hemtj\u00e4nsten. H\u00e4r kan du l\u00e4sa hur k\u00e4ndisarna spenderar sina sista timmar p\u00e5 2025.<\/p>\n<p><strong>Tony Irving, 59 \u00e5r, <\/strong>Norrt\u00e4ljebo, tv-profil och dansare.<\/p>\n<p>\u2013 P\u00e5 ny\u00e5rsafton \u00e4r vi hemma med v\u00e4nner, en hink champagne och jag lagar Beef Wellington. Sedan tittar vi upp mot himlen \u00f6ver Norrt\u00e4lje, den brukar vara r\u00e4tt festlig. Alex och jag \u00e5ker till Thailand den f\u00f6rsta januari. En resa f\u00f6r att verkligen darra \u00e5ren med en festlig upplevelse. Jag fyller 60 n\u00e4sta \u00e5r och Alex har planerat allt f\u00f6r att starta det nya decenniet p\u00e5 allra b\u00e4sta s\u00e4tt. Jag \u00e4r p\u00e5 turn\u00e9 n\u00e4r min f\u00f6delsedag kommer. <\/p>\n<p aria-disabled=\"true\" class=\"ad__preamble ad-text txt-style-muted txt-ui txt-ui--strong txt-ui-2\">Annons<\/p>\n<p><img decoding=\"async\" width=\"640\" height=\"427\" class=\"article-image article-image--unbound\" alt=\"Kim Edvinsson knegar p\u00e5 ny\u00e5rsafton. \" src=\"https:\/\/www.europesays.com\/se\/wp-content\/uploads\/2025\/12\/8d823009-f26a-49c3-8f91-180092773479.jpeg\"   loading=\"lazy\"\/><a class=\"article__lightbox-link\" href=\"https:\/\/static.bonniernews.se\/ba\/8d823009-f26a-49c3-8f91-180092773479.jpeg?width=1400&amp;format=pjpg&amp;auto=avif\" data-pswp-width=\"1400\" data-pswp-height=\"934\" data-pswp-caption=\"Kim Edvinsson knegar p\u00e5 ny\u00e5rsafton.  Bild: Johanna Pecsics Olsson\" data-pswp- rel=\"nofollow noopener\" target=\"_blank\">\u00d6ppna bild i helsk\u00e4rmsl\u00e4ge<\/a><\/p>\n<p class=\"txt-style-muted\" aria-hidden=\"true\">Kim Edvinsson knegar p\u00e5 ny\u00e5rsafton. <\/p>\n<p class=\"article__figcaption-attribution txt-style-muted\">Bild: Johanna Pecsics Olsson<\/p>\n<p><strong>Kim Edvinsson<\/strong>, 28 \u00e5r, Norrt\u00e4ljebo och Tiktok-profil.<\/p>\n<p>\u2013 P\u00e5 ny\u00e5rsafton, som n\u00e4stan varje \u00e5r, \u00e4r jag ute och cyklar mellan olika kunder i hemtj\u00e4nsten. Det k\u00e4nns alltid bra att jobba under helgdagarna d\u00e5 m\u00e5nga \u00e4ldre i kommunen \u00e4r ensamma. Och man f\u00e5r in en extra slant. Sen blir det nog en lugn kv\u00e4ll, men man vet aldrig om man f\u00e5r en sen inbjudan till en ny\u00e5rsfest!<\/p>\n<p aria-disabled=\"true\" class=\"ad__preamble ad-text txt-style-muted txt-ui txt-ui--strong txt-ui-2\">Annons<\/p>\n<p><img decoding=\"async\" width=\"640\" height=\"427\" class=\"article-image article-image--unbound\" alt=\"Nike Sellmar drar norrut \u00f6ver ny\u00e5r.\" src=\"https:\/\/www.europesays.com\/se\/wp-content\/uploads\/2025\/12\/cd726c97-437d-4b6e-8f5e-0a6e5697319c.jpeg\"   loading=\"lazy\"\/><a class=\"article__lightbox-link\" href=\"https:\/\/static.bonniernews.se\/ba\/cd726c97-437d-4b6e-8f5e-0a6e5697319c.jpeg?width=1400&amp;format=pjpg&amp;auto=avif\" data-pswp-width=\"1400\" data-pswp-height=\"933\" data-pswp-caption=\"Nike Sellmar drar norrut \u00f6ver ny\u00e5r. Bild: Anders Nordl\u00e9n\" data-pswp- rel=\"nofollow noopener\" target=\"_blank\">\u00d6ppna bild i helsk\u00e4rmsl\u00e4ge<\/a><\/p>\n<p class=\"txt-style-muted\" aria-hidden=\"true\">Nike Sellmar drar norrut \u00f6ver ny\u00e5r.<\/p>\n<p class=\"article__figcaption-attribution txt-style-muted\">Bild: Anders Nordl\u00e9n<\/p>\n<p><strong>Nike Sellmar, 30 \u00e5r, <\/strong>tidigare kolloledare p\u00e5 Barnens \u00f6 och<strong> <\/strong>idolvinnare 2022.<\/p>\n<p>\u2013 Jag ska upp och f\u00f6rfira p\u00e5 spa i Sundsvall. Sedan k\u00f6r jag vidare till Skellefte\u00e5 med sambon. D\u00e4r m\u00f6ter vi upp n\u00e5gra av mina n\u00e4rmsta v\u00e4nner och firar. <\/p>\n<p><img decoding=\"async\" width=\"640\" height=\"427\" class=\"article-image article-image--unbound\" alt=\"Bosse Andersson sk\u00e5lar alltid i samma champagne. \" src=\"https:\/\/www.europesays.com\/se\/wp-content\/uploads\/2025\/12\/a3512093-3fa0-44d4-8699-e87640566de8.jpeg\"   loading=\"lazy\"\/><a class=\"article__lightbox-link\" href=\"https:\/\/static.bonniernews.se\/ba\/a3512093-3fa0-44d4-8699-e87640566de8.jpeg?width=1400&amp;format=pjpg&amp;auto=avif\" data-pswp-width=\"1400\" data-pswp-height=\"933\" data-pswp-caption=\"Bosse Andersson sk\u00e5lar alltid i samma champagne.  Bild: Leone Serrander\" data-pswp- rel=\"nofollow noopener\" target=\"_blank\">\u00d6ppna bild i helsk\u00e4rmsl\u00e4ge<\/a><\/p>\n<p class=\"txt-style-muted\" aria-hidden=\"true\">Bosse Andersson sk\u00e5lar alltid i samma champagne. <\/p>\n<p class=\"article__figcaption-attribution txt-style-muted\">Bild: Leone Serrander<\/p>\n<p><strong>Bosse Andersson, 57 \u00e5r,<\/strong> uppvuxen i R\u00f6\/hus i Harka, sportchef Djurg\u00e5rdens IF, och medieprofil.<\/p>\n<p>\u2013 Antingen blir det i stan eller p\u00e5 landet med v\u00e4nner. Fyrverkerier har varit en viktig del tidigare \u00e5r men det h\u00e4r \u00e5ret ser det lite klenare ut. Vi sk\u00e5lar i Pol Roger enligt tradition.<\/p>\n<p aria-disabled=\"true\" class=\"ad__preamble ad-text txt-style-muted txt-ui txt-ui--strong txt-ui-2\">Annons<\/p>\n<p><img decoding=\"async\" width=\"640\" height=\"427\" class=\"article-image article-image--unbound\" alt=\"M\u00e4sterkocken Matilda Klarqvist lagar god mat p\u00e5 ny\u00e5r. \" src=\"https:\/\/www.europesays.com\/se\/wp-content\/uploads\/2025\/12\/4fc27bb9-fe14-499e-a835-0a4965b507f5.jpeg\"   loading=\"lazy\"\/><a class=\"article__lightbox-link\" href=\"https:\/\/static.bonniernews.se\/ba\/4fc27bb9-fe14-499e-a835-0a4965b507f5.jpeg?width=1400&amp;format=pjpg&amp;auto=avif\" data-pswp-width=\"1400\" data-pswp-height=\"934\" data-pswp-caption=\"M\u00e4sterkocken Matilda Klarqvist lagar god mat p\u00e5 ny\u00e5r.  Bild: Waldemar Hansson\/TV4\" data-pswp- rel=\"nofollow noopener\" target=\"_blank\">\u00d6ppna bild i helsk\u00e4rmsl\u00e4ge<\/a><\/p>\n<p class=\"txt-style-muted\" aria-hidden=\"true\">M\u00e4sterkocken Matilda Klarqvist lagar god mat p\u00e5 ny\u00e5r. <\/p>\n<p class=\"article__figcaption-attribution txt-style-muted\">Bild: Waldemar Hansson\/TV4<\/p>\n<p><strong>Matilda Klarqvist, 30 \u00e5r, <\/strong>fr\u00e5n Norrt\u00e4lje, vinnare av Sveriges m\u00e4sterkock 2025<\/p>\n<p>\u2013 Jag ska fira ny\u00e5r med mina b\u00e4sta kompisar i Stockholm. Vi ska givetvis laga massa mat och njuta in det nya \u00e5ret tillsammans.<\/p>\n","protected":false},"excerpt":{"rendered":"Champagne, Thailand och kneg i hemtj\u00e4nsten. H\u00e4r kan du l\u00e4sa hur k\u00e4ndisarna spenderar sina sista timmar p\u00e5 2025.&hellip;\n","protected":false},"author":2,"featured_media":121953,"comment_status":"","ping_status":"","sticky":false,"template":"","format":"standard","meta":{"footnotes":""},"categories":[67],"tags":[104,34,31,33,32,30,105],"class_list":{"0":"post-121952","1":"post","2":"type-post","3":"status-publish","4":"format-standard","5":"has-post-thumbnail","7":"category-underhallning","8":"tag-entertainment","9":"tag-se","10":"tag-svenska","11":"tag-sverige","12":"tag-sweden","13":"tag-swedish","14":"tag-underhallning"},"share_on_mastodon":{"url":"https:\/\/pubeurope.com\/@se\/115815446171560182","error":""},"_links":{"self":[{"href":"https:\/\/www.europesays.com\/se\/wp-json\/wp\/v2\/posts\/121952","targetHints":{"allow":["GET"]}}],"collection":[{"href":"https:\/\/www.europesays.com\/se\/wp-json\/wp\/v2\/posts"}],"about":[{"href":"https:\/\/www.europesays.com\/se\/wp-json\/wp\/v2\/types\/post"}],"author":[{"embeddable":true,"href":"https:\/\/www.europesays.com\/se\/wp-json\/wp\/v2\/users\/2"}],"replies":[{"embeddable":true,"href":"https:\/\/www.europesays.com\/se\/wp-json\/wp\/v2\/comments?post=121952"}],"version-history":[{"count":0,"href":"https:\/\/www.europesays.com\/se\/wp-json\/wp\/v2\/posts\/121952\/revisions"}],"wp:featuredmedia":[{"embeddable":true,"href":"https:\/\/www.europesays.com\/se\/wp-json\/wp\/v2\/media\/121953"}],"wp:attachment":[{"href":"https:\/\/www.europesays.com\/se\/wp-json\/wp\/v2\/media?parent=121952"}],"wp:term":[{"taxonomy":"category","embeddable":true,"href":"https:\/\/www.europesays.com\/se\/wp-json\/wp\/v2\/categories?post=121952"},{"taxonomy":"post_tag","embeddable":true,"href":"https:\/\/www.europesays.com\/se\/wp-json\/wp\/v2\/tags?post=121952"}],"curies":[{"name":"wp","href":"https:\/\/api.w.org\/{rel}","templated":true}]}}