{"id":121954,"date":"2025-12-31T17:52:07","date_gmt":"2025-12-31T17:52:07","guid":{"rendered":"https:\/\/www.europesays.com\/se\/121954\/"},"modified":"2025-12-31T17:52:07","modified_gmt":"2025-12-31T17:52:07","slug":"shadow-moon-ledde-sylvesterloppet-hela-vagen-%c2%b7-senaste-nyheterna-om-trav-%c2%b7-travronden","status":"publish","type":"post","link":"https:\/\/www.europesays.com\/se\/121954\/","title":{"rendered":"Shadow Moon ledde Sylvesterloppet hela v\u00e4gen \u00b7 Senaste nyheterna om trav \u00b7 Travronden"},"content":{"rendered":"<p>448.000 kronor v\u00e4ntade vinnaren i \u00e5rets upplaga av Sylvesterloppet \u00f6ver 2640 meter och med h\u00e4star utspridda \u00f6ver fyra volter. Svaret till slut? <strong>Shadow Moon<\/strong> (e. Up And Quick) som inledde fr\u00e5n innersp\u00e5ret p\u00e5 startvolten och ledde varenda meter tillsammans med sin tr\u00e4nare Markus Waldm\u00fcller i sulkyn.<\/p>\n<p>\u2013 Jag hade goda f\u00f6rhoppningar i dag. Det gick perfekt f\u00f6r oss. Konkurrenterna kom lite fr\u00e5n alla h\u00e5ll och jag visste att det skulle komma snabba h\u00e4star men han stred p\u00e5 ett v\u00e4ldigt fint s\u00e4tt hela v\u00e4gen in i m\u00e5l. Lite orolig blev jag till slut s\u00e5 klart, det blev tajt, men samtidigt vet jag att jag k\u00f6rde en riktig krigare som alltid svarar hela v\u00e4gen in i m\u00e5l bara han har krafter kvar, s\u00e4ger Markus Waldm\u00fcller i vinnarcirkeln.<\/p>\n<p>Shadow Moon vann loppet p\u00e5 1.14,4\/2640 meter f\u00f6re Broker Artist och Belgique. Markus Waldm\u00fcller gjorde resan till Axevalla med endast Shadow Moon till start och det blev ett minst sagt lyckat \u00e4ventyr.<\/p>\n<p>F\u00f6rstapriset p\u00e5 448.000 kronor g\u00f6r att Markus Waldm\u00fcller som tr\u00e4nare under 2025 t\u00e4vlat in drygt 4,6 miljoner kronor.<\/p>\n<p>\u2013 Det har varit ett bra \u00e5r. Vi jobbar p\u00e5 och jag hoppas att det ska bli fler segrar.<\/p>\n<p>Shadow Moon \u00e4r en fyra\u00e5rig hingst som b\u00f6rjade t\u00e4vlade i januari i \u00e5r. Han var en vinnare redan i t\u00e4vlingsdebuten och segern i Sylvesterloppet var hans 5:e i den 13:e starten.<\/p>\n<p>Han st\u00e5r nu noterad f\u00f6r 787.900 kronor insprunget.<\/p>\n","protected":false},"excerpt":{"rendered":"448.000 kronor v\u00e4ntade vinnaren i \u00e5rets upplaga av Sylvesterloppet \u00f6ver 2640 meter och med h\u00e4star utspridda \u00f6ver fyra&hellip;\n","protected":false},"author":2,"featured_media":121955,"comment_status":"","ping_status":"","sticky":false,"template":"","format":"standard","meta":{"footnotes":""},"categories":[14],"tags":[22,23,26,27,17,21,24,25,28,29,15,16,18,34,31,33,32,30,19,20,51,52,53,54],"class_list":{"0":"post-121954","1":"post","2":"type-post","3":"status-publish","4":"format-standard","5":"has-post-thumbnail","7":"category-varlden","8":"tag-breaking-news","9":"tag-breakingnews","10":"tag-featured-news","11":"tag-featurednews","12":"tag-headlines","13":"tag-huvudnyheter","14":"tag-latest-news","15":"tag-latestnews","16":"tag-main-news","17":"tag-mainnews","18":"tag-news","19":"tag-nyheter","20":"tag-rubriker","21":"tag-se","22":"tag-svenska","23":"tag-sverige","24":"tag-sweden","25":"tag-swedish","26":"tag-top-stories","27":"tag-topstories","28":"tag-varlden","29":"tag-world","30":"tag-world-news","31":"tag-worldnews"},"share_on_mastodon":{"url":"https:\/\/pubeurope.com\/@se\/115815457931346127","error":""},"_links":{"self":[{"href":"https:\/\/www.europesays.com\/se\/wp-json\/wp\/v2\/posts\/121954","targetHints":{"allow":["GET"]}}],"collection":[{"href":"https:\/\/www.europesays.com\/se\/wp-json\/wp\/v2\/posts"}],"about":[{"href":"https:\/\/www.europesays.com\/se\/wp-json\/wp\/v2\/types\/post"}],"author":[{"embeddable":true,"href":"https:\/\/www.europesays.com\/se\/wp-json\/wp\/v2\/users\/2"}],"replies":[{"embeddable":true,"href":"https:\/\/www.europesays.com\/se\/wp-json\/wp\/v2\/comments?post=121954"}],"version-history":[{"count":0,"href":"https:\/\/www.europesays.com\/se\/wp-json\/wp\/v2\/posts\/121954\/revisions"}],"wp:featuredmedia":[{"embeddable":true,"href":"https:\/\/www.europesays.com\/se\/wp-json\/wp\/v2\/media\/121955"}],"wp:attachment":[{"href":"https:\/\/www.europesays.com\/se\/wp-json\/wp\/v2\/media?parent=121954"}],"wp:term":[{"taxonomy":"category","embeddable":true,"href":"https:\/\/www.europesays.com\/se\/wp-json\/wp\/v2\/categories?post=121954"},{"taxonomy":"post_tag","embeddable":true,"href":"https:\/\/www.europesays.com\/se\/wp-json\/wp\/v2\/tags?post=121954"}],"curies":[{"name":"wp","href":"https:\/\/api.w.org\/{rel}","templated":true}]}}