{"id":121960,"date":"2025-12-31T17:57:26","date_gmt":"2025-12-31T17:57:26","guid":{"rendered":"https:\/\/www.europesays.com\/se\/121960\/"},"modified":"2025-12-31T17:57:26","modified_gmt":"2025-12-31T17:57:26","slug":"k-pop-bandet-new-jeans-forlorar-omtyckt-medlem","status":"publish","type":"post","link":"https:\/\/www.europesays.com\/se\/121960\/","title":{"rendered":"K-pop-bandet New Jeans f\u00f6rlorar omtyckt medlem"},"content":{"rendered":"<p>Publicerad 30 dec 2025 kl 12.07<\/p>\n<p>Till fansens stora f\u00f6rtvivlan f\u00f6rlorar det popul\u00e4ra K-pop-bandet New Jeans en av sina medlemmar, i k\u00f6lvattnet av en l\u00e5ng och bitter strid med skivbolaget.<\/p>\n<p><img   alt=\"\"\/><\/p>\n<p>K-pop-gruppen New Jeans.<\/p>\n<p>Foto: Ahn Young-joon \/ TT NYHETSBYR\u00c5N<\/p>\n<p>\u00d6ppna bild i helsk\u00e4rm<img loading=\"lazy\"   alt=\"\"\/><\/p>\n<p>Danielle Marsh.<\/p>\n<p>Foto: Instagram<\/p>\n<p>\u00d6ppna bild i helsk\u00e4rm<\/p>\n<p>\u00a02024 meddelade bandet att de t\u00e4nkte l\u00e4mna sitt bolag Ador, som de anklagade f\u00f6r \u201dtrakasserier p\u00e5 arbetsplatsen\u201d, skriver <a href=\"https:\/\/www.bbc.com\/news\/articles\/cdxwxqrde29o\" rel=\"nofollow noopener\" target=\"_blank\">BBC<\/a>.<\/p>\n<p>I oktober kom dock en domstol fram till att bandet m\u00e5ste stanna hos bolaget till 2029. En m\u00e5nad efter domen uppgav alla fem medlemmarna att de skulle \u00e5terv\u00e4nda till Ador.<\/p>\n<p>Men i m\u00e5ndags kom beskedet fr\u00e5n skivbolaget om att de g\u00f6r sig av med en av dem, och avslutar kontraktet med henne \u2013 vilket har lett till uppr\u00f6rda reaktioner fr\u00e5n f\u00f6rtvivlade fans.\u00a0<\/p>\n<p><a href=\"https:\/\/www.instagram.com\/p\/DQE-dV5Eini\/?img_index=1?hidecaption=true\" data-provider=\"instagram\" class=\"js-social-embed\" rel=\"nofollow noopener\" target=\"_blank\">https:\/\/www.instagram.com\/p\/DQE-dV5Eini\/?img_index=1?hidecaption=true<\/a><script async src=\"\/\/www.instagram.com\/embed.js\"><\/script><\/p>\n","protected":false},"excerpt":{"rendered":"Publicerad 30 dec 2025 kl 12.07 Till fansens stora f\u00f6rtvivlan f\u00f6rlorar det popul\u00e4ra K-pop-bandet New Jeans en av&hellip;\n","protected":false},"author":2,"featured_media":121961,"comment_status":"","ping_status":"","sticky":false,"template":"","format":"standard","meta":{"footnotes":""},"categories":[67],"tags":[104,12896,34,775,31,33,32,30,402,310,105],"class_list":{"0":"post-121960","1":"post","2":"type-post","3":"status-publish","4":"format-standard","5":"has-post-thumbnail","7":"category-underhallning","8":"tag-entertainment","9":"tag-location-koreahalvon","10":"tag-se","11":"tag-sections-musik","12":"tag-svenska","13":"tag-sverige","14":"tag-sweden","15":"tag-swedish","16":"tag-topic-artister","17":"tag-topic-kandisar","18":"tag-underhallning"},"share_on_mastodon":{"url":"https:\/\/pubeurope.com\/@se\/115815477628098706","error":""},"_links":{"self":[{"href":"https:\/\/www.europesays.com\/se\/wp-json\/wp\/v2\/posts\/121960","targetHints":{"allow":["GET"]}}],"collection":[{"href":"https:\/\/www.europesays.com\/se\/wp-json\/wp\/v2\/posts"}],"about":[{"href":"https:\/\/www.europesays.com\/se\/wp-json\/wp\/v2\/types\/post"}],"author":[{"embeddable":true,"href":"https:\/\/www.europesays.com\/se\/wp-json\/wp\/v2\/users\/2"}],"replies":[{"embeddable":true,"href":"https:\/\/www.europesays.com\/se\/wp-json\/wp\/v2\/comments?post=121960"}],"version-history":[{"count":0,"href":"https:\/\/www.europesays.com\/se\/wp-json\/wp\/v2\/posts\/121960\/revisions"}],"wp:featuredmedia":[{"embeddable":true,"href":"https:\/\/www.europesays.com\/se\/wp-json\/wp\/v2\/media\/121961"}],"wp:attachment":[{"href":"https:\/\/www.europesays.com\/se\/wp-json\/wp\/v2\/media?parent=121960"}],"wp:term":[{"taxonomy":"category","embeddable":true,"href":"https:\/\/www.europesays.com\/se\/wp-json\/wp\/v2\/categories?post=121960"},{"taxonomy":"post_tag","embeddable":true,"href":"https:\/\/www.europesays.com\/se\/wp-json\/wp\/v2\/tags?post=121960"}],"curies":[{"name":"wp","href":"https:\/\/api.w.org\/{rel}","templated":true}]}}