{"id":121962,"date":"2025-12-31T18:00:07","date_gmt":"2025-12-31T18:00:07","guid":{"rendered":"https:\/\/www.europesays.com\/se\/121962\/"},"modified":"2025-12-31T18:00:07","modified_gmt":"2025-12-31T18:00:07","slug":"frankrike-vill-forbjuda-sociala-medier-for-barn","status":"publish","type":"post","link":"https:\/\/www.europesays.com\/se\/121962\/","title":{"rendered":"Frankrike vill f\u00f6rbjuda sociala medier f\u00f6r barn"},"content":{"rendered":"<p>Frankrike f\u00f6rbereder ett sociala medier-f\u00f6rbud f\u00f6r barn yngre \u00e4n 15 \u00e5r, enligt ett utkast som AFP tagit del av. F\u00f6rslaget best\u00e5r av tv\u00e5 delar: ett som inneb\u00e4r en strikt 15-\u00e5rsgr\u00e4ns f\u00f6r sociala medier och ett om ett mobilf\u00f6rbud fr\u00e5n och med h\u00f6gstadiet. <\/p>\n<p>Det motiveras med att barn riskerar att ta del av ol\u00e4mpligt inneh\u00e5ll, drabbas av n\u00e4tmobbning och att s\u00f6mnen kan p\u00e5verkas negativt p\u00e5 grund av anv\u00e4ndandet av sociala medier.<\/p>\n<p>F\u00f6r att f\u00f6rslaget ska bli verklighet m\u00e5ste det godk\u00e4nnas av nationalf\u00f6rsamlingen. <\/p>\n<p>Omni \u00e4r politiskt obundna och oberoende. Vi str\u00e4var efter att ge fler perspektiv p\u00e5 nyheterna. Har du fr\u00e5gor eller synpunkter kring v\u00e5r rapportering? <a href=\"https:\/\/omni.se\/frankrike-vill-forbjuda-sociala-medier-for-barn\/a\/mailto:redaktion@omni.se\" class=\"ArticleActions_contactLink__W2F1M\" rel=\"nofollow noopener\" target=\"_blank\">Kontakta redaktionen<\/a><\/p>\n","protected":false},"excerpt":{"rendered":"Frankrike f\u00f6rbereder ett sociala medier-f\u00f6rbud f\u00f6r barn yngre \u00e4n 15 \u00e5r, enligt ett utkast som AFP tagit del&hellip;\n","protected":false},"author":2,"featured_media":121963,"comment_status":"","ping_status":"","sticky":false,"template":"","format":"standard","meta":{"footnotes":""},"categories":[14],"tags":[223,22,23,267,26,27,266,2022,17,21,24,25,28,29,15,16,18,34,636,31,33,32,30,19,20,51,52,53,54],"class_list":{"0":"post-121962","1":"post","2":"type-post","3":"status-publish","4":"format-standard","5":"has-post-thumbnail","7":"category-varlden","8":"tag-barn-unga","9":"tag-breaking-news","10":"tag-breakingnews","11":"tag-europa","12":"tag-featured-news","13":"tag-featurednews","14":"tag-frankrike","15":"tag-fransk-politik","16":"tag-headlines","17":"tag-huvudnyheter","18":"tag-latest-news","19":"tag-latestnews","20":"tag-main-news","21":"tag-mainnews","22":"tag-news","23":"tag-nyheter","24":"tag-rubriker","25":"tag-se","26":"tag-sociala-medier","27":"tag-svenska","28":"tag-sverige","29":"tag-sweden","30":"tag-swedish","31":"tag-top-stories","32":"tag-topstories","33":"tag-varlden","34":"tag-world","35":"tag-world-news","36":"tag-worldnews"},"share_on_mastodon":{"url":"https:\/\/pubeurope.com\/@se\/115815489357745680","error":""},"_links":{"self":[{"href":"https:\/\/www.europesays.com\/se\/wp-json\/wp\/v2\/posts\/121962","targetHints":{"allow":["GET"]}}],"collection":[{"href":"https:\/\/www.europesays.com\/se\/wp-json\/wp\/v2\/posts"}],"about":[{"href":"https:\/\/www.europesays.com\/se\/wp-json\/wp\/v2\/types\/post"}],"author":[{"embeddable":true,"href":"https:\/\/www.europesays.com\/se\/wp-json\/wp\/v2\/users\/2"}],"replies":[{"embeddable":true,"href":"https:\/\/www.europesays.com\/se\/wp-json\/wp\/v2\/comments?post=121962"}],"version-history":[{"count":0,"href":"https:\/\/www.europesays.com\/se\/wp-json\/wp\/v2\/posts\/121962\/revisions"}],"wp:featuredmedia":[{"embeddable":true,"href":"https:\/\/www.europesays.com\/se\/wp-json\/wp\/v2\/media\/121963"}],"wp:attachment":[{"href":"https:\/\/www.europesays.com\/se\/wp-json\/wp\/v2\/media?parent=121962"}],"wp:term":[{"taxonomy":"category","embeddable":true,"href":"https:\/\/www.europesays.com\/se\/wp-json\/wp\/v2\/categories?post=121962"},{"taxonomy":"post_tag","embeddable":true,"href":"https:\/\/www.europesays.com\/se\/wp-json\/wp\/v2\/tags?post=121962"}],"curies":[{"name":"wp","href":"https:\/\/api.w.org\/{rel}","templated":true}]}}