{"id":121969,"date":"2025-12-31T18:09:03","date_gmt":"2025-12-31T18:09:03","guid":{"rendered":"https:\/\/www.europesays.com\/se\/121969\/"},"modified":"2025-12-31T18:09:03","modified_gmt":"2025-12-31T18:09:03","slug":"de-skanker-pengar-fran-konsert-till-ukraina","status":"publish","type":"post","link":"https:\/\/www.europesays.com\/se\/121969\/","title":{"rendered":"De sk\u00e4nker pengar fr\u00e5n konsert till Ukraina"},"content":{"rendered":"<p>Lars-Inge Larsson \u00e4r pastor hos Fylstakyrkan i Kumla. Kyrkan har kontakt med m\u00e5nga av de ukrainare som flytt kriget och bor i Kumla och man brukar bland annat dela ut matkassar till dem tv\u00e5 g\u00e5nger i veckan. Mat som sk\u00e4nks av Ica Maxi i Kumla.<\/p>\n<p>\u201cBad mig att be f\u00f6r fred\u201d<\/p>\n<p>\u2013 Det \u00e4r de s\u00e5 tacksamma f\u00f6r, men det har v\u00e4xt en tanke om att g\u00f6ra n\u00e5got ytterligare och vi har funderat \u00f6ver vad. N\u00e4r jag nyligen tr\u00e4ffade Svetlana s\u00e5 best\u00e4mde vi oss f\u00f6r vad vi ska g\u00f6ra, s\u00e4ger Lars-Inge Larsson.\u00a0<\/p>\n<p>Svetlana heter Rhymzyna i efternamn och \u00e4r inflyttad till \u00c5bytorp. Hon \u00e4r en v\u00e4ldigt duktig operas\u00e5ngare, som i veckorna \u00e5ker till Stockholm f\u00f6r att sjunga.\u00a0<\/p>\n<p>\u2013 Hon svarade direkt att hon st\u00e4ller upp p\u00e5 en v\u00e4lg\u00f6renhetskonsert hos oss.\u00a0<\/p>\n<p>Hur upplever du situationen f\u00f6r de ukrainare som bor h\u00e4r?<\/p>\n<p>\u2013 De flesta har kontakt med familj, v\u00e4nner och sl\u00e4ktingar som lever i \u00f6stra Ukraina. S\u00e5 d\u00e4r finns en st\u00e4ndig oro, f\u00f6rtvivlan och r\u00e4dsla f\u00f6r deras skull.\u00a0<\/p>\n<p>\u2013 Ibland om man st\u00e4ller lite fr\u00e5gor hur l\u00e4get \u00e4r s\u00e5 b\u00f6rjar de att gr\u00e5ta. Senast idag var det en kvinna som bad mig om att be f\u00f6r fred i Ukraina.\u00a0<\/p>\n<p>Det p\u00e5g\u00e5r samtal om fred nu, vad tror du om dessa?<\/p>\n<p>\u2013 Man hoppas ju att det ska leda till n\u00e5got bra, men jag \u00e4r tveksam till att ryssarna g\u00e5r med p\u00e5 villkoren. Men man f\u00e5r be f\u00f6r fred i Ukraina, avslutar Lars-Inge Larsson.\u00a0<\/p>\n<p>V\u00e4lg\u00f6renhetskonserten kommer g\u00e5 av stapeln tisdag 6 januari klockan 16 hos Fylstakyrkan. Det \u00e4r fritt intr\u00e4de och det finns plats f\u00f6r ungef\u00e4r 200 \u00e5sk\u00e5dare. Efter konserten finns det kakbuff\u00e9, dessa kakor ska bakas av ukrainarna.<\/p>\n","protected":false},"excerpt":{"rendered":"Lars-Inge Larsson \u00e4r pastor hos Fylstakyrkan i Kumla. Kyrkan har kontakt med m\u00e5nga av de ukrainare som flytt&hellip;\n","protected":false},"author":2,"featured_media":121970,"comment_status":"","ping_status":"","sticky":false,"template":"","format":"standard","meta":{"footnotes":""},"categories":[12],"tags":[22,23,26,27,17,21,24,25,28,29,15,16,18,34,31,33,32,30,19,20],"class_list":{"0":"post-121969","1":"post","2":"type-post","3":"status-publish","4":"format-standard","5":"has-post-thumbnail","7":"category-sverige","8":"tag-breaking-news","9":"tag-breakingnews","10":"tag-featured-news","11":"tag-featurednews","12":"tag-headlines","13":"tag-huvudnyheter","14":"tag-latest-news","15":"tag-latestnews","16":"tag-main-news","17":"tag-mainnews","18":"tag-news","19":"tag-nyheter","20":"tag-rubriker","21":"tag-se","22":"tag-svenska","23":"tag-sverige","24":"tag-sweden","25":"tag-swedish","26":"tag-top-stories","27":"tag-topstories"},"share_on_mastodon":{"url":"https:\/\/pubeurope.com\/@se\/115815524864082025","error":""},"_links":{"self":[{"href":"https:\/\/www.europesays.com\/se\/wp-json\/wp\/v2\/posts\/121969","targetHints":{"allow":["GET"]}}],"collection":[{"href":"https:\/\/www.europesays.com\/se\/wp-json\/wp\/v2\/posts"}],"about":[{"href":"https:\/\/www.europesays.com\/se\/wp-json\/wp\/v2\/types\/post"}],"author":[{"embeddable":true,"href":"https:\/\/www.europesays.com\/se\/wp-json\/wp\/v2\/users\/2"}],"replies":[{"embeddable":true,"href":"https:\/\/www.europesays.com\/se\/wp-json\/wp\/v2\/comments?post=121969"}],"version-history":[{"count":0,"href":"https:\/\/www.europesays.com\/se\/wp-json\/wp\/v2\/posts\/121969\/revisions"}],"wp:featuredmedia":[{"embeddable":true,"href":"https:\/\/www.europesays.com\/se\/wp-json\/wp\/v2\/media\/121970"}],"wp:attachment":[{"href":"https:\/\/www.europesays.com\/se\/wp-json\/wp\/v2\/media?parent=121969"}],"wp:term":[{"taxonomy":"category","embeddable":true,"href":"https:\/\/www.europesays.com\/se\/wp-json\/wp\/v2\/categories?post=121969"},{"taxonomy":"post_tag","embeddable":true,"href":"https:\/\/www.europesays.com\/se\/wp-json\/wp\/v2\/tags?post=121969"}],"curies":[{"name":"wp","href":"https:\/\/api.w.org\/{rel}","templated":true}]}}