{"id":121973,"date":"2025-12-31T18:17:17","date_gmt":"2025-12-31T18:17:17","guid":{"rendered":"https:\/\/www.europesays.com\/se\/121973\/"},"modified":"2025-12-31T18:17:17","modified_gmt":"2025-12-31T18:17:17","slug":"irans-regim-skrams-av-protester-lovar-dialog","status":"publish","type":"post","link":"https:\/\/www.europesays.com\/se\/121973\/","title":{"rendered":"Irans regim skr\u00e4ms av protester \u2013 lovar dialog"},"content":{"rendered":"<p>Protesterna tog fart p\u00e5 s\u00f6ndagen, d\u00e5 k\u00f6pm\u00e4nnen i Teherans basarkvarter bommade igen sina st\u00e5nd och gick i strejk efter att den lokala valutan kraschat och mynt och sedlar blivit i det n\u00e4rmaste v\u00e4rdel\u00f6sa.<\/p>\n<p>K\u00f6pm\u00e4nnens steg har b\u00e5de politisk och symbolisk betydelse: vid den islamiska republikens tillkomst 1979-1980 spelade st\u00f6det fr\u00e5n basaren en viktig roll d\u00e5 ayatollornas grep makten. Att denna viktiga grupp nu \u00f6ppet v\u00e4nder sig mot regimen \u00e4r mycket orov\u00e4ckande f\u00f6r de styrande, som \u2013 tv\u00e4rt emot sin sedvanliga brutalitet mot folkligt missn\u00f6je \u2013 s\u00f6kt gjuta olja p\u00e5 v\u00e5gorna.<\/p>\n<p><strong>En officiell talesperson, Fatemeh Mohajerani,<\/strong> s\u00e4ger att regimen erk\u00e4nner fredliga protester och vill lyssna till ekonomiskt utsatta medborgare. Landets president, den reforminriktade Masoud Pezeshkian, skyllde oroligheterna p\u00e5 \u201dfr\u00e4mmande p\u00e5tryckningar\u201d, men skrev p\u00e5 X att han instruerat inrikesministern att \u201dta del av demonstranternas synpunkter och hj\u00e4lpa dem l\u00f6sa problemen\u201d.<\/p>\n<p>Riksbankschefen byttes p\u00e5 tisdagen ut.<\/p>\n<p>Dessa f\u00f6rsonliga tong\u00e5ngar fr\u00e5n h\u00f6gsta ort br\u00e4nnm\u00e4rks av dagstidningen Kayhan, spr\u00e5kr\u00f6r f\u00f6r regimens mest kompromissl\u00f6sa falang. Chefredakt\u00f6ren Hossein Shariatmadari, en av den styrande ayatollah Ali Khameneis personliga utn\u00e4mningar, skrev att protesterna inte alls \u00e4r legitima, utan resultatet av hets fr\u00e5n \u201dutl\u00e4ndskt kopplade\u201d uppviglare. De ekonomiska besv\u00e4ren, enligt Shariatmadari, \u00e4r svepsk\u00e4l f\u00f6r dem som tj\u00e4nar fr\u00e4mmande intressen.<\/p>\n<p>Men n\u00f6den i m\u00e5nga av Irans storst\u00e4der \u00e4r b\u00e5de akut och politiskt farlig f\u00f6r regimen. J\u00e4msides med inflationen har myndigheter p\u00e5 fullt allvar talat om att evakuera Teheran, ifall vinterregnen l\u00e5ter v\u00e4nta p\u00e5 sig och reservoarerna av dricksvatten t\u00f6ms. N\u00e4stan lika tr\u00e4ngande \u00e4r behovet av br\u00e4nsle och basvaror. I november str\u00f6ks en halv miljon fattiga fr\u00e5n listorna \u00f6ver socialhj\u00e4lpstagare, ett resultat av de sinande oljeint\u00e4kterna och de allt h\u00e5rdare sanktionerna.<\/p>\n<p><strong>I USA, vars president p\u00e5 m\u00e5ndagen<\/strong> hotade \u201dsl\u00e5 till\u201d mot Iran om det forts\u00e4tter utveckla ballistiska missiler, st\u00f6der utrikesdepartementet \u201dIrans studenter\u201d. I ett inl\u00e4gg p\u00e5 X skriver State Department att \u201dDe unga \u00e4r Irans framtid. Regimens misslyckanden och dess likgiltighet f\u00f6r grundl\u00e4ggande r\u00e4ttigheter spolierar de ungas m\u00f6jligheter att skapa sig ett gott liv\u201d.<\/p>\n<p>Donald Trump har erbjudit Iran f\u00f6rhandlingar om ett nytt atomavtal och ett slut p\u00e5 sanktionerna, men regimen har v\u00e4grat f\u00f6rhandla om sin r\u00e4tt att anrika uran. Om det ekonomiska raset forts\u00e4tter och protesterna sprider sig s\u00e5 skulle det f\u00f6rv\u00e5na om inte regimen, av ren sj\u00e4lvbevarelsedrift, f\u00f6rr eller senare nappar p\u00e5 Trumps anbud.<\/p>\n","protected":false},"excerpt":{"rendered":"Protesterna tog fart p\u00e5 s\u00f6ndagen, d\u00e5 k\u00f6pm\u00e4nnen i Teherans basarkvarter bommade igen sina st\u00e5nd och gick i strejk&hellip;\n","protected":false},"author":2,"featured_media":121974,"comment_status":"","ping_status":"","sticky":false,"template":"","format":"standard","meta":{"footnotes":""},"categories":[14],"tags":[22,23,26,27,17,21,24,25,28,29,15,16,18,34,31,33,32,30,19,20,51,52,53,54],"class_list":{"0":"post-121973","1":"post","2":"type-post","3":"status-publish","4":"format-standard","5":"has-post-thumbnail","7":"category-varlden","8":"tag-breaking-news","9":"tag-breakingnews","10":"tag-featured-news","11":"tag-featurednews","12":"tag-headlines","13":"tag-huvudnyheter","14":"tag-latest-news","15":"tag-latestnews","16":"tag-main-news","17":"tag-mainnews","18":"tag-news","19":"tag-nyheter","20":"tag-rubriker","21":"tag-se","22":"tag-svenska","23":"tag-sverige","24":"tag-sweden","25":"tag-swedish","26":"tag-top-stories","27":"tag-topstories","28":"tag-varlden","29":"tag-world","30":"tag-world-news","31":"tag-worldnews"},"share_on_mastodon":{"url":"https:\/\/pubeurope.com\/@se\/115815556247997030","error":""},"_links":{"self":[{"href":"https:\/\/www.europesays.com\/se\/wp-json\/wp\/v2\/posts\/121973","targetHints":{"allow":["GET"]}}],"collection":[{"href":"https:\/\/www.europesays.com\/se\/wp-json\/wp\/v2\/posts"}],"about":[{"href":"https:\/\/www.europesays.com\/se\/wp-json\/wp\/v2\/types\/post"}],"author":[{"embeddable":true,"href":"https:\/\/www.europesays.com\/se\/wp-json\/wp\/v2\/users\/2"}],"replies":[{"embeddable":true,"href":"https:\/\/www.europesays.com\/se\/wp-json\/wp\/v2\/comments?post=121973"}],"version-history":[{"count":0,"href":"https:\/\/www.europesays.com\/se\/wp-json\/wp\/v2\/posts\/121973\/revisions"}],"wp:featuredmedia":[{"embeddable":true,"href":"https:\/\/www.europesays.com\/se\/wp-json\/wp\/v2\/media\/121974"}],"wp:attachment":[{"href":"https:\/\/www.europesays.com\/se\/wp-json\/wp\/v2\/media?parent=121973"}],"wp:term":[{"taxonomy":"category","embeddable":true,"href":"https:\/\/www.europesays.com\/se\/wp-json\/wp\/v2\/categories?post=121973"},{"taxonomy":"post_tag","embeddable":true,"href":"https:\/\/www.europesays.com\/se\/wp-json\/wp\/v2\/tags?post=121973"}],"curies":[{"name":"wp","href":"https:\/\/api.w.org\/{rel}","templated":true}]}}