{"id":121977,"date":"2025-12-31T18:27:08","date_gmt":"2025-12-31T18:27:08","guid":{"rendered":"https:\/\/www.europesays.com\/se\/121977\/"},"modified":"2025-12-31T18:27:08","modified_gmt":"2025-12-31T18:27:08","slug":"tio-goda-nyheter-varlden-over-fran-aret-som-gatt","status":"publish","type":"post","link":"https:\/\/www.europesays.com\/se\/121977\/","title":{"rendered":"Tio goda nyheter v\u00e4rlden \u00f6ver fr\u00e5n \u00e5ret som g\u00e5tt"},"content":{"rendered":"<p>1. Den gr\u00f6na havssk\u00f6ldpaddans \u00e5terkomstSedan 1980-talet har arten riskerat att utrotas. Men nu anses den gr\u00f6na havssk\u00f6ldpaddan, som ofta blir mellan 70 och 80 \u00e5r gammal i det vilda, vara \u201dlivskraftig\u201d enligt Internationella naturv\u00e5rdsunionens (IUCN) f\u00f6rteckning \u00f6ver r\u00f6dlistade arter, efter att man vidtagit \u00e5tg\u00e4rder s\u00e5 som att skydda sk\u00f6ldpaddornas \u00e4gg.2. Politiska f\u00e5n<\/p>\n","protected":false},"excerpt":{"rendered":"1. Den gr\u00f6na havssk\u00f6ldpaddans \u00e5terkomstSedan 1980-talet har arten riskerat att utrotas. Men nu anses den gr\u00f6na havssk\u00f6ldpaddan, som&hellip;\n","protected":false},"author":2,"featured_media":121978,"comment_status":"","ping_status":"","sticky":false,"template":"","format":"standard","meta":{"footnotes":""},"categories":[12],"tags":[22,23,26,27,17,21,24,25,28,29,15,16,18,34,31,33,32,30,19,20],"class_list":{"0":"post-121977","1":"post","2":"type-post","3":"status-publish","4":"format-standard","5":"has-post-thumbnail","7":"category-sverige","8":"tag-breaking-news","9":"tag-breakingnews","10":"tag-featured-news","11":"tag-featurednews","12":"tag-headlines","13":"tag-huvudnyheter","14":"tag-latest-news","15":"tag-latestnews","16":"tag-main-news","17":"tag-mainnews","18":"tag-news","19":"tag-nyheter","20":"tag-rubriker","21":"tag-se","22":"tag-svenska","23":"tag-sverige","24":"tag-sweden","25":"tag-swedish","26":"tag-top-stories","27":"tag-topstories"},"share_on_mastodon":{"url":"https:\/\/pubeurope.com\/@se\/115815595537941681","error":""},"_links":{"self":[{"href":"https:\/\/www.europesays.com\/se\/wp-json\/wp\/v2\/posts\/121977","targetHints":{"allow":["GET"]}}],"collection":[{"href":"https:\/\/www.europesays.com\/se\/wp-json\/wp\/v2\/posts"}],"about":[{"href":"https:\/\/www.europesays.com\/se\/wp-json\/wp\/v2\/types\/post"}],"author":[{"embeddable":true,"href":"https:\/\/www.europesays.com\/se\/wp-json\/wp\/v2\/users\/2"}],"replies":[{"embeddable":true,"href":"https:\/\/www.europesays.com\/se\/wp-json\/wp\/v2\/comments?post=121977"}],"version-history":[{"count":0,"href":"https:\/\/www.europesays.com\/se\/wp-json\/wp\/v2\/posts\/121977\/revisions"}],"wp:featuredmedia":[{"embeddable":true,"href":"https:\/\/www.europesays.com\/se\/wp-json\/wp\/v2\/media\/121978"}],"wp:attachment":[{"href":"https:\/\/www.europesays.com\/se\/wp-json\/wp\/v2\/media?parent=121977"}],"wp:term":[{"taxonomy":"category","embeddable":true,"href":"https:\/\/www.europesays.com\/se\/wp-json\/wp\/v2\/categories?post=121977"},{"taxonomy":"post_tag","embeddable":true,"href":"https:\/\/www.europesays.com\/se\/wp-json\/wp\/v2\/tags?post=121977"}],"curies":[{"name":"wp","href":"https:\/\/api.w.org\/{rel}","templated":true}]}}