{"id":121987,"date":"2025-12-31T18:51:18","date_gmt":"2025-12-31T18:51:18","guid":{"rendered":"https:\/\/www.europesays.com\/se\/121987\/"},"modified":"2025-12-31T18:51:18","modified_gmt":"2025-12-31T18:51:18","slug":"ett-ar-vi-garna-skalar-for","status":"publish","type":"post","link":"https:\/\/www.europesays.com\/se\/121987\/","title":{"rendered":"Ett \u00e5r vi g\u00e4rna sk\u00e5lar f\u00f6r"},"content":{"rendered":"<p><strong>2025 blev ett stort \u00e5r f\u00f6r \u00d6lsverige, som kommer att g\u00e5 till historien som ett av de mest h\u00e4ndelserika p\u00e5 m\u00e5nga decennier. F\u00f6r oss p\u00e5 Beernews har det varit intensivt, roligt och meningsfullt att bevaka \u2013 och inget av det hade varit m\u00f6jligt utan er.\u00a0<\/strong><\/p>\n<p>2025 var ett \u00e5r d\u00e4r engagemanget bland er l\u00e4sare fortsatt har varit stort \u2013 \u00e4ven om trafiken, precis som \u00f6lintresset i stort, g\u00e5tt i v\u00e5gor beroende p\u00e5 s\u00e4songen, nyhetsl\u00e4get och hur mycket tid ni har haft att l\u00e4sa. Under sommaren slog vi trafikrekord f\u00f6r nya Beernews. Under en 30-dagarsperiod hade sajten 284 000 sidvisningar och 131 000 unika bes\u00f6kare; ett bevis f\u00f6r att intresset f\u00f6r \u00f6l fortfarande \u00e4r h\u00f6gst levande. Halleluja!<\/p>\n<p>\u00c4mnena som engagerade mest var varierade: l\u00e5gpris\u00f6l, ursprungsm\u00e4rkning, \u00f6lglas, \u00f6lskum, \u00f6lstilar, men ocks\u00e5 (till v\u00e5r f\u00f6rv\u00e5ning) od\u00f6dliga citat om \u00f6l. \u00c4ven enskilda \u00f6l, bryggerier och \u00f6lst\u00e4llen var n\u00e5got ni gillade att l\u00e4sa extra mycket om \u2013 allt fr\u00e5n \u00c5bro och Carlsberg till Orval, This is How, Nils Oscar och \u00f6lst\u00e4llena The Rover och Oliver Twist. F\u00f6r att n\u00e4mna n\u00e5gra exempel.<\/p>\n<p>En annan god nyhet 2025: F\u00f6r varje m\u00e5nad \u00f6kade l\u00e4sningen om \u00f6lsl\u00e4ppen p\u00e5 Systembolaget. H\u00e4r spelar v\u00e5ra duktiga \u00f6lskribenter Fredrik Berggren, Sanna Lindberg och Joel Hedman en central roll, f\u00f6r tillsammans provar de i princip alla \u00f6l som sl\u00e4pps. Det handlar om m\u00e5nga tusen \u00f6l \u2013 och vi vet att deras tips anv\u00e4nds som v\u00e4gledning av v\u00e4ldigt m\u00e5nga \u00f6lintresserade varje vecka, vilket s\u00e5 klart g\u00f6r oss stolta.<\/p>\n<p>I ett st\u00f6rre perspektiv s\u00e5 har 2025 varit ett viktigt \u00e5r f\u00f6r svensk hantverks\u00f6l. Efter m\u00e5nga \u00e5rs arbete fick\u00a0Sveriges Oberoende Bryggerier\u00a0igenom tv\u00e5 reformer som l\u00e4nge st\u00e5tt h\u00f6gt p\u00e5 deras agenda: s\u00e4nkt alkoholskatt f\u00f6r sm\u00e5bryggerier och g\u00e5rdsf\u00f6rs\u00e4ljning av \u00f6l. \u00c4ven om \u00e5sikterna g\u00e5r is\u00e4r om vad f\u00f6r\u00e4ndringarna kommer att inneb\u00e4ra de kommande \u00e5ren, s\u00e5 beskriver allt fler bryggerier att de k\u00e4nner en l\u00e4ttnad efter m\u00e5nga tuffa \u00e5r \u2013 att de nu b\u00e5de f\u00e5tt starkare ekonomi och f\u00f6rnyad framtidstro.<\/p>\n<p>F\u00f6rhoppningsvis inneb\u00e4r det ocks\u00e5 fler sp\u00e4nnande \u00f6lnyheter att skriva om fram\u00f6ver, b\u00e5de produkter och h\u00e4ndelser.\u00a0<\/p>\n<p><strong>Under 2025 har vi bland annat<\/strong>:<\/p>\n<ul>\n<li style=\"font-weight: 400;\" aria-level=\"1\">publicerat \u00f6ver 430 artiklar<\/li>\n<li style=\"font-weight: 400;\" aria-level=\"1\">genomf\u00f6rt en stor trendunders\u00f6kning<\/li>\n<li style=\"font-weight: 400;\" aria-level=\"1\">delat ut priser till \u00c5rets b\u00e4sta nya svenska \u00f6l, \u00c5rets genombrott och \u00c5rets \u00f6lst\u00e4lle<\/li>\n<li style=\"font-weight: 400;\" aria-level=\"1\">producerat poddar och filmer<\/li>\n<li style=\"font-weight: 400;\" aria-level=\"1\">arrangerat t\u00e4vlingar, quiz och mycket mer<\/li>\n<\/ul>\n<p>Inget av detta hade varit m\u00f6jligt utan er som st\u00f6ttar oss. Beernews f\u00f6retagssupportrar och v\u00e5ra patrons \u2013 allts\u00e5 ni l\u00e4sare som bidrar med en summa varje m\u00e5nad \u2013 st\u00e5r f\u00f6r den allra st\u00f6rsta delen av sajtens int\u00e4kter. Men \u00e4ven annons\u00f6rerna, som valt att synas hos oss och d\u00e4rmed finansiera oberoende \u00f6ljournalistik, spelar en viktig roll. Ert st\u00f6d har varit helt avg\u00f6rande f\u00f6r att vi ska kunna g\u00f6ra det vi g\u00f6r.<\/p>\n<p>Ett stort och varmt tack. Vi ser fram emot ett nytt sp\u00e4nnande \u00f6l\u00e5r \u2013 och hoppas att ni vill forts\u00e4tta f\u00f6lja med oss \u00e4ven fram\u00f6ver.<\/p>\n<p><strong>Gott nytt \u00e5r \u00f6nskar Fredrik, Henrik, Petur, Sanna och Tobias p\u00e5 Beernews<\/strong><\/p>\n<p>\u2013<br \/>Ps \ud83d\ude42 Beernews \u00e4r beroende av starka supporters. F\u00f6r 35 kronor i m\u00e5naden kan du bli Beernews Patron \u2013 d\u00e5 f\u00e5r du exklusiv tillg\u00e5ng till podden Beernews Deluxe plus t\u00e4vlingar och annat kul. G\u00e5 med <a href=\"https:\/\/www.patreon.com\/c\/beernews\" rel=\"nofollow noopener\" target=\"_blank\">H\u00c4R<\/a>.<\/p>\n<p>\t\t\t\t\t\t\t\t\t\t\t\t<img decoding=\"async\" src=\"https:\/\/www.europesays.com\/se\/wp-content\/uploads\/2025\/11\/logo-new-beernews.png\" alt=\"Logotype\"\/><\/p>\n","protected":false},"excerpt":{"rendered":"2025 blev ett stort \u00e5r f\u00f6r \u00d6lsverige, som kommer att g\u00e5 till historien som ett av de mest&hellip;\n","protected":false},"author":2,"featured_media":121988,"comment_status":"","ping_status":"","sticky":false,"template":"","format":"standard","meta":{"footnotes":""},"categories":[12],"tags":[22,23,26,27,17,21,24,25,28,29,15,16,18,34,31,33,32,30,19,20],"class_list":{"0":"post-121987","1":"post","2":"type-post","3":"status-publish","4":"format-standard","5":"has-post-thumbnail","7":"category-sverige","8":"tag-breaking-news","9":"tag-breakingnews","10":"tag-featured-news","11":"tag-featurednews","12":"tag-headlines","13":"tag-huvudnyheter","14":"tag-latest-news","15":"tag-latestnews","16":"tag-main-news","17":"tag-mainnews","18":"tag-news","19":"tag-nyheter","20":"tag-rubriker","21":"tag-se","22":"tag-svenska","23":"tag-sverige","24":"tag-sweden","25":"tag-swedish","26":"tag-top-stories","27":"tag-topstories"},"share_on_mastodon":{"url":"https:\/\/pubeurope.com\/@se\/115815689988730678","error":""},"_links":{"self":[{"href":"https:\/\/www.europesays.com\/se\/wp-json\/wp\/v2\/posts\/121987","targetHints":{"allow":["GET"]}}],"collection":[{"href":"https:\/\/www.europesays.com\/se\/wp-json\/wp\/v2\/posts"}],"about":[{"href":"https:\/\/www.europesays.com\/se\/wp-json\/wp\/v2\/types\/post"}],"author":[{"embeddable":true,"href":"https:\/\/www.europesays.com\/se\/wp-json\/wp\/v2\/users\/2"}],"replies":[{"embeddable":true,"href":"https:\/\/www.europesays.com\/se\/wp-json\/wp\/v2\/comments?post=121987"}],"version-history":[{"count":0,"href":"https:\/\/www.europesays.com\/se\/wp-json\/wp\/v2\/posts\/121987\/revisions"}],"wp:featuredmedia":[{"embeddable":true,"href":"https:\/\/www.europesays.com\/se\/wp-json\/wp\/v2\/media\/121988"}],"wp:attachment":[{"href":"https:\/\/www.europesays.com\/se\/wp-json\/wp\/v2\/media?parent=121987"}],"wp:term":[{"taxonomy":"category","embeddable":true,"href":"https:\/\/www.europesays.com\/se\/wp-json\/wp\/v2\/categories?post=121987"},{"taxonomy":"post_tag","embeddable":true,"href":"https:\/\/www.europesays.com\/se\/wp-json\/wp\/v2\/tags?post=121987"}],"curies":[{"name":"wp","href":"https:\/\/api.w.org\/{rel}","templated":true}]}}