{"id":121992,"date":"2025-12-31T19:08:14","date_gmt":"2025-12-31T19:08:14","guid":{"rendered":"https:\/\/www.europesays.com\/se\/121992\/"},"modified":"2025-12-31T19:08:14","modified_gmt":"2025-12-31T19:08:14","slug":"vilma-andersson-levererade-mat-till-kafe-anholls-timmar-senare","status":"publish","type":"post","link":"https:\/\/www.europesays.com\/se\/121992\/","title":{"rendered":"Vilma Andersson levererade mat till kaf\u00e9 \u2013 anh\u00f6lls timmar senare"},"content":{"rendered":"<p><a data-test-tag=\"internal-link\" href=\"https:\/\/www.aftonbladet.se\/av\/petter-j-larsson\" class=\"hyperion-css-13ns1rr\" rel=\"nofollow noopener\" target=\"\" aria-label=\"Se alla artiklar av Petter J Larsson\"><img decoding=\"async\" class=\"image-asset hyperion-css-n6kkq1\" data-test-tag=\"image-asset\" src=\"https:\/\/www.europesays.com\/se\/wp-content\/uploads\/2025\/12\/1767208093_113_f6452e22-0691-44ff-a712-455c2d79c90e.png\"  alt=\"\"  loading=\"lazy\" fetchpriority=\"auto\" style=\"aspect-ratio:1900 \/ 1900\"\/><\/a><\/p>\n<p class=\"boxtextgrotesk-root_baa6 hyperion-css-7pajle\">Uppdaterad 17.47 | Publicerad 17.29<\/p>\n<p>share-arrowDela<\/p>\n<p>unsaveSpara<\/p>\n<p>expand-left<\/p>\n<p>helsk\u00e4rm<img decoding=\"async\" class=\"image-asset hyperion-css-u06ts1\" data-test-tag=\"image-asset\" src=\"https:\/\/www.europesays.com\/se\/wp-content\/uploads\/2025\/12\/cf7680c6-5748-4cee-b72f-7a82f15832f7.jpeg\"  alt=\"Bilder fr\u00e5n i mars 2024. Vilma Andersson har varit anst\u00e4lld hos en matgrossist som k\u00f6r ut f\u00e4rska r\u00e5varor i Stockholm, bland annat till kaf\u00e9et p\u00e5 S\u00f6dermalm. \"  loading=\"eager\" fetchpriority=\"high\" style=\"aspect-ratio:977 \/ 775\"\/>Bilder fr\u00e5n i mars 2024. Vilma Andersson har varit anst\u00e4lld hos en matgrossist som k\u00f6r ut f\u00e4rska r\u00e5varor i Stockholm, bland annat till kaf\u00e9et p\u00e5 S\u00f6dermalm. Foto: L\u00e4sarbild<\/p>\n<p class=\"hyperion-css-1shl3oz\" data-test-tag=\"lead-text\">Vilma Andersson anh\u00f6lls i sin fr\u00e5nvaro p\u00e5 l\u00f6rdag f\u00f6rmiddag.<\/p>\n<p class=\"hyperion-css-1shl3oz\" data-test-tag=\"lead-text\">N\u00e5gon timme tidigare s\u00e5gs han leverera mat till ett kaf\u00e9 p\u00e5 S\u00f6dermalm.<\/p>\n<p class=\"hyperion-css-1shl3oz\" data-test-tag=\"lead-text\">\u2013 Han var v\u00e4ldigt stressad, s\u00e4ger kaf\u00e9bes\u00f6karen Borna, 36.<\/p>\n<p class=\"hyperion-css-1v9qo5x\">Klockan var 09.30 p\u00e5 l\u00f6rdagsmorgonen n\u00e4r Nationellt forensiskt centrum (NFC) fick tr\u00e4ff. <\/p>\n<p class=\"hyperion-css-1v9qo5x\">Fynden fr\u00e5n <a data-test-tag=\"internal-link\" href=\"https:\/\/www.aftonbladet.se\/tagg\/ronninge\" class=\"hyperion-css-15jkft9\" rel=\"nofollow noopener\" target=\"\" aria-label=\"R\u00f6nninge\">R\u00f6nninge<\/a>, d\u00e4r en kvinna f\u00f6rsvunnit, kunde kopplas till Vilma Andersson.<\/p>\n<p class=\"hyperion-css-1v9qo5x\">En halvtimme tidigare hade Borna, 36, sett den nu mordmisst\u00e4nkte 26-\u00e5ringen leverera mat till ett fik p\u00e5 <a data-test-tag=\"internal-link\" href=\"https:\/\/www.aftonbladet.se\/tagg\/sodermalm\" class=\"hyperion-css-15jkft9\" rel=\"nofollow noopener\" target=\"\" aria-label=\"S\u00f6dermalm\">S\u00f6dermalm<\/a> i Stockholm. Det \u00e4r han helt s\u00e4ker p\u00e5.<\/p>\n<p class=\"hyperion-css-1v9qo5x\">\u2013 Det \u00e4r skithemskt och skitm\u00e4rkligt. Att ha varit s\u00e5 n\u00e4ra den personen just d\u00e5. Det \u00e4r helt ofattbart faktiskt, s\u00e4ger han.<\/p>\n<p>expand-left<\/p>\n<p>helsk\u00e4rm<img decoding=\"async\" class=\"image-asset hyperion-css-u06ts1\" data-test-tag=\"image-asset\" src=\"https:\/\/www.europesays.com\/se\/wp-content\/uploads\/2025\/12\/c8f9d33f-f3ef-47fd-84fe-9dd5a9181a0f.jpeg\"  alt=\"Kaf\u00e9bes\u00f6karen Borna, 36, s\u00e5g Vilma Andersson leverera mat. \u201dVi fick \u00f6gonkontakt ett par g\u00e5nger och jag \u00e4r helt s\u00e4ker,\u201d s\u00e4ger han.\"  loading=\"eager\" fetchpriority=\"high\" style=\"aspect-ratio:1900 \/ 1678\"\/>Kaf\u00e9bes\u00f6karen Borna, 36, s\u00e5g Vilma Andersson leverera mat. \u201dVi fick \u00f6gonkontakt ett par g\u00e5nger och jag \u00e4r helt s\u00e4ker,\u201d s\u00e4ger han. Foto: Privat\u201dGjorde j\u00e4ttemycket ov\u00e4sen\u201d<\/p>\n<p class=\"hyperion-css-1v9qo5x\">Borna och hans kompis kom till fiket strax innan \u00f6ppning klockan nio p\u00e5 morgonen. Det var kallt och eftersom d\u00f6rren var \u00f6ppen f\u00f6r leveransen gick de in.<\/p>\n<p class=\"hyperion-css-1v9qo5x\">\u2013 D\u00e5 var det en person d\u00e4r inne \u2013 som ser exakt ut som personen p\u00e5 bilderna \u2013 som levererat en massa matprodukter, frysvaror och kylvaror, s\u00e4ger Borna.<\/p>\n<p class=\"hyperion-css-1v9qo5x\">\u2013 Personen gjorde j\u00e4ttemycket ov\u00e4sen och slog sig omkring med dessa korgar och metallboxar med kylvaror p\u00e5 med hjul, och f\u00e4llde ihop dem, slogs med dem och gruntadeinfoclosegruntadeAtt grunta betyder ungef\u00e4r att l\u00e5ta h\u00f6gt genom tunga, ovarsamma r\u00f6relser. Att st\u00f6ka, dunsa, slamra..<\/p>\n<p class=\"hyperion-css-1v9qo5x\">Borna uppfattade personen som stressad.<\/p>\n<p class=\"hyperion-css-1v9qo5x\">\u2013 Jag t\u00e4nkte att man kan vara stressad f\u00f6r att det \u00e4r tidig morgon ocks\u00e5, s\u00e4ger han.<\/p>\n<p class=\"hyperion-css-1v9qo5x\">\u2013 Men jag reagerade p\u00e5 att hen var lite arg eller stressad i sitt beteende.<\/p>\n<p class=\"hyperion-css-1v9qo5x\">Enligt Borna pratade matleverant\u00f6ren inte med personalen.<\/p>\n<p class=\"hyperion-css-1v9qo5x\">\u2013 Han sa nog hejd\u00e5, det var det enda.<\/p>\n<p>expand-left<\/p>\n<p>helsk\u00e4rm<img decoding=\"async\" class=\"image-asset hyperion-css-u06ts1\" data-test-tag=\"image-asset\" src=\"https:\/\/www.europesays.com\/se\/wp-content\/uploads\/2025\/12\/658b41e0-7d4b-4df2-9ef8-00c13a1672af.jpeg\"  alt=\"Bilder fr\u00e5n i mars 2024.\"  loading=\"eager\" fetchpriority=\"high\" style=\"aspect-ratio:1260 \/ 1130\"\/>Bilder fr\u00e5n i mars 2024. Foto: L\u00e4sarbild<\/p>\n<p class=\"hyperion-css-1v9qo5x\"><strong>Hur s\u00e4ker \u00e4r du p\u00e5 att det var Vilma Andersson?<\/strong><\/p>\n<p class=\"hyperion-css-1v9qo5x\">\u2013 Vi fick \u00f6gonkontakt ett par g\u00e5nger, och jag \u00e4r helt s\u00e4ker. Jag har sett de bilder som florerar p\u00e5 denna person och ansiktet och h\u00e5rtypen \u00e4r f\u00f6r lik. Det skulle vara en en\u00e4ggstvilling i s\u00e5 fall.<\/p>\n<p>Skivar frukt och gr\u00f6nt<\/p>\n<p class=\"hyperion-css-1v9qo5x\">Vilma Andersson hade 2019 d\u00f6mts till tv\u00e5 \u00e5r och fyra m\u00e5naders f\u00e4ngelse f\u00f6r f\u00f6rs\u00f6k till m\u00e4nniskorov och grovt barnpornografibrott.<\/p>\n<p class=\"hyperion-css-1v9qo5x\"><a data-test-tag=\"internal-link\" href=\"https:\/\/www.aftonbladet.se\/nyheter\/a\/Vbk2gJ\/misstankt-pedofil-forsokte-kidnappa-tioarig-flicka--atalas\" class=\"hyperion-css-15jkft9\" rel=\"nofollow noopener\" target=\"\" aria-label=\"I det uppm\u00e4rksammade fallet hade han f\u00f6rs\u00f6kt kidnappa en 10-\u00e5rig flicka p\u00e5 Eker\u00f6\">I det uppm\u00e4rksammade fallet hade han f\u00f6rs\u00f6kt kidnappa en 10-\u00e5rig flicka p\u00e5 Eker\u00f6<\/a>, och ertappats med bilder p\u00e5 d\u00f6da och nakna kvinnokroppar samt tusentals barnporrbilder i sin dator.<\/p>\n<p class=\"hyperion-css-1v9qo5x\">Efter avtj\u00e4nat f\u00e4ngelsestraff hade han utbildat sig till lastbilschauff\u00f6r och bland annat jobbat p\u00e5 ett \u00e5keri i S\u00f6dert\u00e4lje kommun.<\/p>\n<p class=\"hyperion-css-1v9qo5x\">I\u00a0dag \u00e4r han anst\u00e4lld hos en matgrossist som k\u00f6r ut f\u00e4rska r\u00e5varor i Stockholm, bland annat till kaf\u00e9et Borna satt p\u00e5. F\u00f6retaget bekr\u00e4ftar att den mordmisst\u00e4nkte Vilma Andersson \u201denligt uppgift\u201d jobbar hos dem.<\/p>\n<p class=\"hyperion-css-1v9qo5x\">\u201dD\u00e5 det \u00e4r en p\u00e5g\u00e5ende utredning s\u00e5 l\u00e4mnar vi inga ytterligare detaljer utan bist\u00e5r polisen i den information de efterfr\u00e5gar\u201d, skriver de till Aftonbladet.<\/p>\n<p>expand-left<\/p>\n<p>helsk\u00e4rm<img decoding=\"async\" class=\"image-asset hyperion-css-u06ts1\" data-test-tag=\"image-asset\" src=\"https:\/\/www.europesays.com\/se\/wp-content\/uploads\/2025\/12\/cd918e05-dc5a-48d7-b634-5069d98102e3.jpeg\"  alt=\"Vilma Andersson, 26, misst\u00e4nks f\u00f6r mordet i R\u00f6nninge.\"  loading=\"eager\" fetchpriority=\"high\" style=\"aspect-ratio:378 \/ 386\"\/>Vilma Andersson, 26, misst\u00e4nks f\u00f6r mordet i R\u00f6nninge.Arbetsgivaren: \u201dL\u00e4mnar inga ytterligare detaljer\u201d<\/p>\n<p class=\"hyperion-css-1v9qo5x\"><a aria-label=\"Expressen\" class=\"default hyperion-css-15jkft9\" href=\"https:\/\/www.expressen.se\/nyheter\/sverige\/uppgifter-vilma-andersson-slog--till-gick-till-jobbet-nasta-dag\/\" rel=\"noopener nofollow noreferrer\" data-test-tag=\"external-link\" target=\"_blank\">Expressen<\/a> var f\u00f6rst att rapportera att Vilma Andersson \u00e5kte till jobbet p\u00e5 l\u00f6rdagsmorgonen.<\/p>\n<p class=\"hyperion-css-1v9qo5x\">En k\u00e4lla uppger f\u00f6r tidningen att hans arbetsuppgifter bland annat omfattar att sk\u00e4ra upp frukter och sallader som k\u00f6rs ut till olika restauranger.<\/p>\n<p class=\"hyperion-css-1v9qo5x\">Kaf\u00e9et bekr\u00e4ftar f\u00f6r Aftonbladet att f\u00f6retaget levererat mat dit p\u00e5 l\u00f6rdagen. Men de flesta anst\u00e4llda jobbar i k\u00f6ket och ingen som var d\u00e4r hade noterat vem som kommit.<\/p>\n<p class=\"hyperion-css-1v9qo5x\">\u2013 Jag blir bara s\u00e5 chockad av att h\u00f6ra detta. Vad obehagligt om han varit h\u00e4r. Det \u00e4r bara unga tjejer som jobbar h\u00e4r, s\u00e4ger en anst\u00e4lld.<\/p>\n<p class=\"hyperion-css-1v9qo5x\">I ett sms till Aftonbladet skriver kaf\u00e9et att \u201dom han verkade stressad, enligt kunden, \u00e4r det nog inget vi hade lagt m\u00e4rke till d\u00e5 de som leverar ofta \u00e4r lite stressade\u201d.<\/p>\n<p class=\"hyperion-css-1v9qo5x\">Borna uppskattade att leveransen tog omkring tre minuter. Innan kaf\u00e9et \u00f6ppnade klockan nio hade lastbilen k\u00f6rt vidare.<\/p>\n<p class=\"hyperion-css-1v9qo5x\">En och en halv timme senare anh\u00f6lls Vilma Andersson i sin fr\u00e5nvaro. <\/p>\n<p class=\"hyperion-css-1v9qo5x\">I h\u00e4ktningsframst\u00e4llan st\u00e5r det att mordet p\u00e5 den 25-\u00e5riga kvinnan skett p\u00e5 fredagen eller l\u00f6rdagen.<\/p>\n<p>expand-left<\/p>\n<p>helsk\u00e4rm<img decoding=\"async\" class=\"image-asset hyperion-css-u06ts1\" data-test-tag=\"image-asset\" src=\"https:\/\/www.europesays.com\/se\/wp-content\/uploads\/2025\/12\/0f1d8c8b-e66e-45ed-b39b-58d4def9c63c.jpeg\"  alt=\"Polisen satte upp avsp\u00e4rrningar p\u00e5 s\u00f6ndagen.\"  loading=\"eager\" fetchpriority=\"high\" style=\"aspect-ratio:1900 \/ 1267\"\/>Vilma Andersson greps i ett skogsomr\u00e5de. Foto: Carolina ByrmoMisst\u00e4nks f\u00f6r styckmord<\/p>\n<p class=\"hyperion-css-1v9qo5x\">Efter DNA-tr\u00e4ffen p\u00e5 l\u00f6rdag f\u00f6rmiddag lokaliserade polisen Vilma Anderssons telefon och h\u00f6ll span efter honom i cirka tio timmar, innan han greps klockan 21.22 p\u00e5 l\u00f6rdagskv\u00e4llen. <\/p>\n<p class=\"hyperion-css-1v9qo5x\">Enligt Aftonbladets uppgifter togs han p\u00e5 bar g\u00e4rning n\u00e4r han h\u00f6ll p\u00e5 att gr\u00e4va ner den 25-\u00e5riga kvinnans kropp i ett skogsomr\u00e5de.<\/p>\n<p class=\"hyperion-css-1v9qo5x\">Vilma Andersson h\u00e4ktades p\u00e5 tisdagen, p\u00e5 sannolika sk\u00e4l misst\u00e4nkt f\u00f6r mord och grovt gravfridsbrott. Han nekar till mord men erk\u00e4nner grovt gravfridsbrott.<\/p>\n<p class=\"hyperion-css-1v9qo5x\">Enligt Aftonbladets uppgifter hade kvinnan, som f\u00f6rsvunnit vid R\u00f6nninge station natten till annandagen, blivit styckm\u00f6rdad.<\/p>\n<p class=\"hyperion-css-1v9qo5x\">Borna s\u00e4ger att han ringde polisen under m\u00e5ndagen f\u00f6r att tipsa om h\u00e4ndelsen men att de inte varit intresserade.<\/p>\n<p class=\"hyperion-css-1v9qo5x\">\u2013 Polisen sa typ att \u201djaha, s\u00e5 du tror att han k\u00f6rde runt med kroppsdelar i lastbilen eller?\u201d Jag sa att det trodde jag absolut inte, men att det kanske kunde vara bra att kartl\u00e4gga var han varit och vid vilka tidpunkter.<\/p>\n<p>FAKTAD\u00e4rf\u00f6r namnger vi Vilma Andersson<\/p>\n<ul class=\"hyperion-css-e9gx76\" data-test-tag=\"list\">\n<li class=\"hyperion-css-1d843yr\">Den misst\u00e4nkta greps i anslutning till den m\u00f6rdade kvinnan och erk\u00e4nde enligt uppgifter till Aftonbladet d\u00e5 att det var den f\u00f6rsvunna kvinnans kroppsdelar.\u00a0<\/li>\n<li class=\"hyperion-css-1d843yr\">Dna p\u00e5 fynd vid brottsplatsen kopplas enligt uppgifter till den misst\u00e4nkta.<\/li>\n<li class=\"hyperion-css-1d843yr\">Fallet har v\u00e4ckt stor uppm\u00e4rksamhet, vilket leder till ett \u00f6kat allm\u00e4nintresse.\u00a0<\/li>\n<li class=\"hyperion-css-1d843yr\">Vilma Andersson har tidigare d\u00f6mts f\u00f6r ett uppm\u00e4rksammat kidnappningsf\u00f6rs\u00f6k och misst\u00e4nks nu f\u00f6r ett mord. Han nekar till mord men har erk\u00e4nt grovt gravfridsbrott.<\/li>\n<li class=\"hyperion-css-1d843yr\">Efter kidnappningsdomen har 26-\u00e5ringen bytt namn flera g\u00e5nger. Nu har han bytt till ett kvinnonamn och heter Vilma Andersson. I folkbokf\u00f6ringen \u00e4r han man.<\/li>\n<\/ul>\n<p>L\u00e4s mer<\/p>\n","protected":false},"excerpt":{"rendered":"Uppdaterad 17.47 | Publicerad 17.29 share-arrowDela unsaveSpara expand-left helsk\u00e4rmBilder fr\u00e5n i mars 2024. Vilma Andersson har varit anst\u00e4lld&hellip;\n","protected":false},"author":2,"featured_media":121993,"comment_status":"","ping_status":"","sticky":false,"template":"","format":"standard","meta":{"footnotes":""},"categories":[5],"tags":[22,23,26,27,17,21,24,25,28,29,15,16,18,34,31,33,32,30,19,20],"class_list":{"0":"post-121992","1":"post","2":"type-post","3":"status-publish","4":"format-standard","5":"has-post-thumbnail","7":"category-rubriker","8":"tag-breaking-news","9":"tag-breakingnews","10":"tag-featured-news","11":"tag-featurednews","12":"tag-headlines","13":"tag-huvudnyheter","14":"tag-latest-news","15":"tag-latestnews","16":"tag-main-news","17":"tag-mainnews","18":"tag-news","19":"tag-nyheter","20":"tag-rubriker","21":"tag-se","22":"tag-svenska","23":"tag-sverige","24":"tag-sweden","25":"tag-swedish","26":"tag-top-stories","27":"tag-topstories"},"share_on_mastodon":{"url":"https:\/\/pubeurope.com\/@se\/115815756818473520","error":""},"_links":{"self":[{"href":"https:\/\/www.europesays.com\/se\/wp-json\/wp\/v2\/posts\/121992","targetHints":{"allow":["GET"]}}],"collection":[{"href":"https:\/\/www.europesays.com\/se\/wp-json\/wp\/v2\/posts"}],"about":[{"href":"https:\/\/www.europesays.com\/se\/wp-json\/wp\/v2\/types\/post"}],"author":[{"embeddable":true,"href":"https:\/\/www.europesays.com\/se\/wp-json\/wp\/v2\/users\/2"}],"replies":[{"embeddable":true,"href":"https:\/\/www.europesays.com\/se\/wp-json\/wp\/v2\/comments?post=121992"}],"version-history":[{"count":0,"href":"https:\/\/www.europesays.com\/se\/wp-json\/wp\/v2\/posts\/121992\/revisions"}],"wp:featuredmedia":[{"embeddable":true,"href":"https:\/\/www.europesays.com\/se\/wp-json\/wp\/v2\/media\/121993"}],"wp:attachment":[{"href":"https:\/\/www.europesays.com\/se\/wp-json\/wp\/v2\/media?parent=121992"}],"wp:term":[{"taxonomy":"category","embeddable":true,"href":"https:\/\/www.europesays.com\/se\/wp-json\/wp\/v2\/categories?post=121992"},{"taxonomy":"post_tag","embeddable":true,"href":"https:\/\/www.europesays.com\/se\/wp-json\/wp\/v2\/tags?post=121992"}],"curies":[{"name":"wp","href":"https:\/\/api.w.org\/{rel}","templated":true}]}}