{"id":121994,"date":"2025-12-31T19:12:07","date_gmt":"2025-12-31T19:12:07","guid":{"rendered":"https:\/\/www.europesays.com\/se\/121994\/"},"modified":"2025-12-31T19:12:07","modified_gmt":"2025-12-31T19:12:07","slug":"solkraft-och-livstecken-i-rymden-bland-arets-vetenskapliga-toppnyheter","status":"publish","type":"post","link":"https:\/\/www.europesays.com\/se\/121994\/","title":{"rendered":"Solkraft och livstecken i rymden bland \u00e5rets vetenskapliga toppnyheter"},"content":{"rendered":"<p>Uppt\u00e4ckten av liv p\u00e5 andra planeter m\u00e5ste toppa den h\u00e4r listan. I det h\u00e4r fallet handlar det dock inte om absoluta bevis utan snarare om tydliga tecken, och graden av tydlighet har sedan v\u00e4ckt debatt bland forskarna sj\u00e4lva.<\/p>\n<p>Rapporterna om att planeten K2-18b har en atmosf\u00e4r som f\u00f6rknippas med levande organismer, representerar dock den snabba framfarten i jakten p\u00e5 jordliknande exoplaneter. Planeten ligger p\u00e5 det i astronomiska sammanhang beh\u00e4ndiga avst\u00e5ndet av 128 ljus\u00e5r fr\u00e5n jorden<\/p>\n","protected":false},"excerpt":{"rendered":"Uppt\u00e4ckten av liv p\u00e5 andra planeter m\u00e5ste toppa den h\u00e4r listan. I det h\u00e4r fallet handlar det dock&hellip;\n","protected":false},"author":2,"featured_media":121995,"comment_status":"","ping_status":"","sticky":false,"template":"","format":"standard","meta":{"footnotes":""},"categories":[66],"tags":[80,78,79,34,31,33,32,30,81,84,83,82],"class_list":{"0":"post-121994","1":"post","2":"type-post","3":"status-publish","4":"format-standard","5":"has-post-thumbnail","7":"category-vetenskap-och-teknik","8":"tag-science","9":"tag-science-and-technology","10":"tag-scienceandtechnology","11":"tag-se","12":"tag-svenska","13":"tag-sverige","14":"tag-sweden","15":"tag-swedish","16":"tag-technology","17":"tag-teknik","18":"tag-vetenskap","19":"tag-vetenskapteknik"},"share_on_mastodon":{"url":"https:\/\/pubeurope.com\/@se\/115815772480749049","error":""},"_links":{"self":[{"href":"https:\/\/www.europesays.com\/se\/wp-json\/wp\/v2\/posts\/121994","targetHints":{"allow":["GET"]}}],"collection":[{"href":"https:\/\/www.europesays.com\/se\/wp-json\/wp\/v2\/posts"}],"about":[{"href":"https:\/\/www.europesays.com\/se\/wp-json\/wp\/v2\/types\/post"}],"author":[{"embeddable":true,"href":"https:\/\/www.europesays.com\/se\/wp-json\/wp\/v2\/users\/2"}],"replies":[{"embeddable":true,"href":"https:\/\/www.europesays.com\/se\/wp-json\/wp\/v2\/comments?post=121994"}],"version-history":[{"count":0,"href":"https:\/\/www.europesays.com\/se\/wp-json\/wp\/v2\/posts\/121994\/revisions"}],"wp:featuredmedia":[{"embeddable":true,"href":"https:\/\/www.europesays.com\/se\/wp-json\/wp\/v2\/media\/121995"}],"wp:attachment":[{"href":"https:\/\/www.europesays.com\/se\/wp-json\/wp\/v2\/media?parent=121994"}],"wp:term":[{"taxonomy":"category","embeddable":true,"href":"https:\/\/www.europesays.com\/se\/wp-json\/wp\/v2\/categories?post=121994"},{"taxonomy":"post_tag","embeddable":true,"href":"https:\/\/www.europesays.com\/se\/wp-json\/wp\/v2\/tags?post=121994"}],"curies":[{"name":"wp","href":"https:\/\/api.w.org\/{rel}","templated":true}]}}