{"id":122022,"date":"2025-12-31T19:40:15","date_gmt":"2025-12-31T19:40:15","guid":{"rendered":"https:\/\/www.europesays.com\/se\/122022\/"},"modified":"2025-12-31T19:40:15","modified_gmt":"2025-12-31T19:40:15","slug":"2025-ars-mest-lasta-artiklar","status":"publish","type":"post","link":"https:\/\/www.europesays.com\/se\/122022\/","title":{"rendered":"2025 \u00e5rs mest l\u00e4sta artiklar"},"content":{"rendered":"<p><strong>Hjulsta \u00e4r kanske inte det omr\u00e5de i J\u00e4rva d\u00e4r det h\u00e4nder mest, men orten \u00e4r klart \u00f6verrepresenterad p\u00e5 \u00e5rets topp tio. 2025 var inte bara Hjulstas \u00e5r, andra \u00e4mnen p\u00e5 listan r\u00f6r kollektivtrafiken, politiken, st\u00e4ngda butiker och restauranger, utvisningar och skolan.<\/strong> <strong>Vad minns du b\u00e4st fr\u00e5n nyhets\u00e5ret i J\u00e4rva?<\/strong><\/p>\n<p><strong>10. <a href=\"https:\/\/www.nyhetsbyranjarva.se\/parkeringen-blir-dubbelt-sa-dyr-i-hjulsta\/\" rel=\"nofollow noopener\" target=\"_blank\">Parkeringen blir dubbelt s\u00e5 dyr i Hjulsta<\/a><\/strong><br \/>Det tog bara en dryg vecka innan nyheten om de nya parkeringsavgifterna f\u00f6r hyresg\u00e4ster i Hjulsta kvalade in p\u00e5 listan \u00f6ver \u00e5rets mest l\u00e4sta artiklar. Parkering engagerar, det \u00e4r sedan gammalt. <\/p>\n<p><strong>9. <a href=\"https:\/\/www.nyhetsbyranjarva.se\/fortjanar-bara-vita-manniskor-humanitet-och-sympati\/\" rel=\"nofollow noopener\" target=\"_blank\">F\u00f6rtj\u00e4nar bara vita m\u00e4nniskor humanitet och sympati?<\/a><\/strong><br \/>Fr\u00e5gan formulerades av f\u00f6rfattaren Balsam Karam i en kommentar p\u00e5 nyheten om att migrationsminister Johan Forssells son visat sig vara aktiv inom den v\u00e5ldsbejakande extremh\u00f6gern. Nyhetsbyr\u00e5n J\u00e4rva var den f\u00f6rsta tidningen i landet som valde att offentligg\u00f6ra ministerns identitet. <\/p>\n<p>Annons:<a class=\"gofollow\" data-track=\"NDAyLDEsNjA=\" href=\"https:\/\/ung.stockholm\/aktuellt\/?t=event&amp;c=363&amp;di=17\" rel=\"nofollow noopener\" target=\"_blank\"><img decoding=\"async\" src=\"https:\/\/www.europesays.com\/se\/wp-content\/uploads\/2025\/12\/NY-SthlmStad-120363-251219-NyhetsbyranJarva.gif\"\/><\/a><\/p>\n<p><strong>8. <a href=\"https:\/\/www.nyhetsbyranjarva.se\/var-festival-ar-en-del-av-jarva-och-inget-hot\/\" rel=\"nofollow noopener\" target=\"_blank\">V\u00e5r festival \u00e4r en del av J\u00e4rva och inget hot<\/a> <\/strong><br \/>En debattartikel signerad Eritreanska f\u00f6reningen i Kista, Husby och Akalla tog sig in p\u00e5 tio i topp. Diskussionen om den eritreanska kulturfestivalens vara eller icke vara p\u00e5 J\u00e4rvaf\u00e4ltet har \u00e4ven tidigare \u00e5r varit ett \u00e4mne som engagerat m\u00e5nga l\u00e4sare. <\/p>\n<p><strong>7. <a href=\"https:\/\/www.nyhetsbyranjarva.se\/kortare-skoldagar-for-battre-skolresultat\/\" rel=\"nofollow noopener\" target=\"_blank\">Kortare skoldagar f\u00f6r b\u00e4ttre skolresultat<\/a><\/strong><br \/>P\u00e5 sjunde plats \u00f6ver 2025 \u00e5rs mest l\u00e4sta artiklar hittas en ins\u00e4ndare \u2013 fr\u00e5n 2024. Det \u00e4r en av R\u00e4dda Barnens sommarjobbare som skrivit om problemen med alltf\u00f6r l\u00e5nga skoldagar. Uppnbarligen ett mycket hett \u00e4mne. <\/p>\n<p><strong>6. <a href=\"https:\/\/www.nyhetsbyranjarva.se\/bara-det-inte-blir-som-i-rinkeby\/\" rel=\"nofollow noopener\" target=\"_blank\">\u201cBara det inte blir som i Rinkeby\u201d<\/a><\/strong><br \/>Hyresg\u00e4sterna i Hjulsta hade m\u00e5nga fr\u00e5gor och farh\u00e5gor n\u00e4r de kallades till informationsm\u00f6te i september, efter att Familjebost\u00e4der meddelat att de k\u00f6per hela Einar Mattssons best\u00e5nd i omr\u00e5det. Nyhetsbyr\u00e5n J\u00e4rva var p\u00e5 plats. <\/p>\n<p><strong>5. <a href=\"https:\/\/www.nyhetsbyranjarva.se\/matkanonen-i-tensta-centrum-stanger\/\" rel=\"nofollow noopener\" target=\"_blank\">Matkanonen i Tensta centrum st\u00e4nger<\/a><\/strong><br \/>F\u00f6retagarna i Tensta centrum har l\u00e4nge k\u00e4mpat med h\u00f6ga hyror och m\u00e5nga butiker har tvingats st\u00e4nga igen. I oktober var det Matkanonens tur att tacka f\u00f6r sig. Centrum \u00e4r helt d\u00f6tt, konstaterade butikschefen. <\/p>\n<p><strong>4. <a href=\"https:\/\/www.nyhetsbyranjarva.se\/stopp-i-tunnelbanan-pa-blaa-linjen\/\" rel=\"nofollow noopener\" target=\"_blank\">Stopp i tunnelbanan p\u00e5 bl\u00e5a linjen<\/a><\/strong><br \/>Mitt i sommarens nyhetstorka fick en artikel om stora f\u00f6rseningar i kollektivtrafiken ett ov\u00e4ntat stort genomslag. Bara tre artiklar l\u00e4stes av fler under \u00e5ret.<\/p>\n<p><strong>3. <\/strong><a href=\"https:\/\/www.nyhetsbyranjarva.se\/mcdonalds-har-stangt-i-kista\/\" rel=\"nofollow noopener\" target=\"_blank\"><strong>McDonalds har st\u00e4ngt i Kista <\/strong><\/a><br \/>Nyheten om att McDonalds st\u00e4nger sin restaurang i Kista efter 23 \u00e5r v\u00e4ckte stor uppm\u00e4rksamhet och l\u00e4stes av tiotusentals J\u00e4rvabor. I kommentarsf\u00e4lten p\u00e5 Nyhetsbyr\u00e5n J\u00e4rvas sociala medier spekulerades det i om st\u00e4ngningen var en konsekvens av att m\u00e5nga i omr\u00e5det b\u00f6rjat bojkotta snabbmatskedjan. <\/p>\n<p><strong>2. <a href=\"https:\/\/www.nyhetsbyranjarva.se\/idag-tomde-de-garaget-i-hjulsta\/\" rel=\"nofollow noopener\" target=\"_blank\">Idag t\u00f6mde de garaget i Hjulsta<\/a><\/strong><br \/>Den f\u00f6rsta augusti t\u00f6mde hyresv\u00e4rden Einar Mattsson sitt garage i Hjulsta, trots  omfattande protester fr\u00e5n de boende. Garaget skulle renoveras, men hyresg\u00e4sterna var missn\u00f6jda med att de inte erbj\u00f6ds andra parkeringsplatser under tiden. Artikeln blev n\u00e4st mest l\u00e4st under \u00e5ret. <\/p>\n<p><strong>1. <a href=\"https:\/\/www.nyhetsbyranjarva.se\/daadir-ska-utvisas-trots-permanent-uppehallstillstand\/\" rel=\"nofollow noopener\" target=\"_blank\">Daadir ska utvisas trots permanent uppeh\u00e5llstillst\u00e5nd<\/a><\/strong><br \/>Mest l\u00e4st under 2025 blev nyheten om Abdikadir \u201cDaadir\u201d Halane som trots att han haft permanent uppeh\u00e5llstillst\u00e5nd i Sverige i 15 \u00e5r, nu hotas med utvisning till Somalia. Daadirs \u00f6de har ber\u00f6rt m\u00e5nga, i och utanf\u00f6r J\u00e4rvaomr\u00e5det, och tusentals personer skrev under en digital protestlista f\u00f6r att l\u00e5ta honom stanna. <\/p>\n<p>Stort tack till alla er som har l\u00e4st, tipsat och skrivit i Nyhetsbyr\u00e5n J\u00e4rva under \u00e5ret. Utan er \u2013 ingen tidning.<\/p>\n<p><strong>Redaktionen<\/strong>\n<\/p>\n<p>                    <a href=\"#\" rel=\"nofollow\" onclick=\"window.print(); return false;\" title=\"Printer Friendly, PDF &amp; Email\"><br \/>\n                    <img decoding=\"async\" class=\"pf-button-img\" src=\"https:\/\/www.europesays.com\/se\/wp-content\/uploads\/2025\/08\/printfriendly-pdf-button-nobg-md.png\" alt=\"Print Friendly, PDF &amp; Email\" style=\"width: 124px;height: 30px;\"\/><br \/>\n                    <\/a><\/p>\n","protected":false},"excerpt":{"rendered":"Hjulsta \u00e4r kanske inte det omr\u00e5de i J\u00e4rva d\u00e4r det h\u00e4nder mest, men orten \u00e4r klart \u00f6verrepresenterad p\u00e5&hellip;\n","protected":false},"author":2,"featured_media":122023,"comment_status":"","ping_status":"","sticky":false,"template":"","format":"standard","meta":{"footnotes":""},"categories":[5],"tags":[6067,12569,22,23,12897,26,27,17,12898,1428,21,1430,24,25,12899,28,29,12900,15,16,18,34,31,33,32,30,12901,12902,19,1432,20],"class_list":{"0":"post-122022","1":"post","2":"type-post","3":"status-publish","4":"format-standard","5":"has-post-thumbnail","7":"category-rubriker","8":"tag-6067","9":"tag-akalla","10":"tag-breaking-news","11":"tag-breakingnews","12":"tag-ett-annat-jarva","13":"tag-featured-news","14":"tag-featurednews","15":"tag-headlines","16":"tag-hjulsta","17":"tag-husby","18":"tag-huvudnyheter","19":"tag-kista","20":"tag-latest-news","21":"tag-latestnews","22":"tag-lokaljournalistik","23":"tag-main-news","24":"tag-mainnews","25":"tag-mest-last","26":"tag-news","27":"tag-nyheter","28":"tag-rubriker","29":"tag-se","30":"tag-svenska","31":"tag-sverige","32":"tag-sweden","33":"tag-swedish","34":"tag-tensta-rinkeby","35":"tag-tio-i-topp","36":"tag-top-stories","37":"tag-topp","38":"tag-topstories"},"share_on_mastodon":{"url":"https:\/\/pubeurope.com\/@se\/115815882593375772","error":""},"_links":{"self":[{"href":"https:\/\/www.europesays.com\/se\/wp-json\/wp\/v2\/posts\/122022","targetHints":{"allow":["GET"]}}],"collection":[{"href":"https:\/\/www.europesays.com\/se\/wp-json\/wp\/v2\/posts"}],"about":[{"href":"https:\/\/www.europesays.com\/se\/wp-json\/wp\/v2\/types\/post"}],"author":[{"embeddable":true,"href":"https:\/\/www.europesays.com\/se\/wp-json\/wp\/v2\/users\/2"}],"replies":[{"embeddable":true,"href":"https:\/\/www.europesays.com\/se\/wp-json\/wp\/v2\/comments?post=122022"}],"version-history":[{"count":0,"href":"https:\/\/www.europesays.com\/se\/wp-json\/wp\/v2\/posts\/122022\/revisions"}],"wp:featuredmedia":[{"embeddable":true,"href":"https:\/\/www.europesays.com\/se\/wp-json\/wp\/v2\/media\/122023"}],"wp:attachment":[{"href":"https:\/\/www.europesays.com\/se\/wp-json\/wp\/v2\/media?parent=122022"}],"wp:term":[{"taxonomy":"category","embeddable":true,"href":"https:\/\/www.europesays.com\/se\/wp-json\/wp\/v2\/categories?post=122022"},{"taxonomy":"post_tag","embeddable":true,"href":"https:\/\/www.europesays.com\/se\/wp-json\/wp\/v2\/tags?post=122022"}],"curies":[{"name":"wp","href":"https:\/\/api.w.org\/{rel}","templated":true}]}}