{"id":122024,"date":"2025-12-31T19:42:07","date_gmt":"2025-12-31T19:42:07","guid":{"rendered":"https:\/\/www.europesays.com\/se\/122024\/"},"modified":"2025-12-31T19:42:07","modified_gmt":"2025-12-31T19:42:07","slug":"dubbelt-pa-pallen-i-tour-de-ski-fruktansvart-brutalt","status":"publish","type":"post","link":"https:\/\/www.europesays.com\/se\/122024\/","title":{"rendered":"Dubbelt p\u00e5 pallen i Tour de Ski: Fruktansv\u00e4rt brutalt"},"content":{"rendered":"<p>Det blev en succ\u00e9eftermiddag i Italien n\u00e4r Moa Ilar slutade trea och Emma Ribom tv\u00e5a bakom Jessie Diggins i Tour de Skis nya format, masstartheaten.<\/p>\n<p>\u2013 Det \u00e4r b\u00e4sta skiddagen 2025. Det har varit s\u00e5 mycket stolpe ut, s\u00e4ger Moa Ilar till SVT Sport.<\/p>\n<p>Hon beskriver samtidigt loppet som \u201dfruktansv\u00e4rt brutalt\u201d, eftersom \u00e5karna tvingades h\u00e5lla sprintfart \u00f6ver en distans som \u00e4r betydligt l\u00e4ngre \u00e4n en vanlig sprint.<\/p>\n<p>Bland de tio fr\u00e4msta fanns \u00e4ven Ebba Andersson och Maja Dahlqvist. Tillsammans med Ilar och Ribom var de dessutom snabbare \u00e4n den franske stj\u00e4rnan Lucas Chanavat, skriver Expressen.<\/p>\n<p>\u2013 \u00c5h herregud, det var en skalp om n\u00e5got, s\u00e4ger Ebba Andersson.<\/p>\n<p>Omni \u00e4r politiskt obundna och oberoende. Vi str\u00e4var efter att ge fler perspektiv p\u00e5 nyheterna. Har du fr\u00e5gor eller synpunkter kring v\u00e5r rapportering? <a href=\"https:\/\/omni.se\/dubbelt-pa-pallen-i-tour-de-ski-fruktansvart-brutalt\/a\/mailto:redaktion@omni.se\" class=\"ArticleActions_contactLink__W2F1M\" rel=\"nofollow noopener\" target=\"_blank\">Kontakta redaktionen<\/a><\/p>\n","protected":false},"excerpt":{"rendered":"Det blev en succ\u00e9eftermiddag i Italien n\u00e4r Moa Ilar slutade trea och Emma Ribom tv\u00e5a bakom Jessie Diggins&hellip;\n","protected":false},"author":2,"featured_media":122025,"comment_status":"","ping_status":"","sticky":false,"template":"","format":"standard","meta":{"footnotes":""},"categories":[68],"tags":[9492,11427,3237,9450,34,111,110,31,33,32,30,12713],"class_list":{"0":"post-122024","1":"post","2":"type-post","3":"status-publish","4":"format-standard","5":"has-post-thumbnail","7":"category-sport","8":"tag-ebba-andersson","9":"tag-emma-ribom","10":"tag-langdskidor","11":"tag-moa-ilar","12":"tag-se","13":"tag-sport","14":"tag-sports","15":"tag-svenska","16":"tag-sverige","17":"tag-sweden","18":"tag-swedish","19":"tag-tour-de-ski"},"share_on_mastodon":{"url":"https:\/\/pubeurope.com\/@se\/115815890440432465","error":""},"_links":{"self":[{"href":"https:\/\/www.europesays.com\/se\/wp-json\/wp\/v2\/posts\/122024","targetHints":{"allow":["GET"]}}],"collection":[{"href":"https:\/\/www.europesays.com\/se\/wp-json\/wp\/v2\/posts"}],"about":[{"href":"https:\/\/www.europesays.com\/se\/wp-json\/wp\/v2\/types\/post"}],"author":[{"embeddable":true,"href":"https:\/\/www.europesays.com\/se\/wp-json\/wp\/v2\/users\/2"}],"replies":[{"embeddable":true,"href":"https:\/\/www.europesays.com\/se\/wp-json\/wp\/v2\/comments?post=122024"}],"version-history":[{"count":0,"href":"https:\/\/www.europesays.com\/se\/wp-json\/wp\/v2\/posts\/122024\/revisions"}],"wp:featuredmedia":[{"embeddable":true,"href":"https:\/\/www.europesays.com\/se\/wp-json\/wp\/v2\/media\/122025"}],"wp:attachment":[{"href":"https:\/\/www.europesays.com\/se\/wp-json\/wp\/v2\/media?parent=122024"}],"wp:term":[{"taxonomy":"category","embeddable":true,"href":"https:\/\/www.europesays.com\/se\/wp-json\/wp\/v2\/categories?post=122024"},{"taxonomy":"post_tag","embeddable":true,"href":"https:\/\/www.europesays.com\/se\/wp-json\/wp\/v2\/tags?post=122024"}],"curies":[{"name":"wp","href":"https:\/\/api.w.org\/{rel}","templated":true}]}}