{"id":122030,"date":"2025-12-31T19:54:10","date_gmt":"2025-12-31T19:54:10","guid":{"rendered":"https:\/\/www.europesays.com\/se\/122030\/"},"modified":"2025-12-31T19:54:10","modified_gmt":"2025-12-31T19:54:10","slug":"har-ar-nya-lagarna-som-trader-i-kraft-2026","status":"publish","type":"post","link":"https:\/\/www.europesays.com\/se\/122030\/","title":{"rendered":"H\u00e4r \u00e4r nya lagarna som tr\u00e4der i kraft 2026"},"content":{"rendered":"<p>Ekonomi<\/p>\n<p class=\"sc-c25743f0-0 sc-e37c0145-2 hObFds DQgPn\">\u2013 Jobbskatteavdraget st\u00e4rks fr\u00e5n den 1 januari vilket inneb\u00e4r s\u00e4nkt skatt med cirka 400 kronor i m\u00e5naden p\u00e5 en genomsnittsl\u00f6n.<\/p>\n<p class=\"sc-c25743f0-0 sc-e37c0145-2 hObFds DQgPn\">\u2013 Matmomsen s\u00e4nks fr\u00e5n 12 till 6 procent den 1 april. S\u00e4nkningen g\u00e4ller till den 31 december 2027.<\/p>\n<p class=\"sc-c25743f0-0 sc-e37c0145-2 hObFds DQgPn\">\u2013 Elskatten s\u00e4nks med 10 \u00f6re fr\u00e5n 1 januari.<\/p>\n<p class=\"sc-c25743f0-0 sc-e37c0145-2 hObFds DQgPn\">\u2013 Fr\u00e5n och med \u00e5rsskiftet \u00e5terg\u00e5r avdrag f\u00f6r rotarbete fr\u00e5n tillf\u00e4lliga 50 procent till 30 procent av arbetskostnaden. <\/p>\n<p class=\"sc-c25743f0-0 sc-e37c0145-2 hObFds DQgPn\">\u2013 Beloppsgr\u00e4nsen f\u00f6r avdrag f\u00f6r resor till och fr\u00e5n arbetet samt inst\u00e4llelseresor h\u00f6js fr\u00e5n 11 000 till 15 000 kronor.<\/p>\n<p class=\"sc-c25743f0-0 sc-e37c0145-2 hObFds DQgPn\">\u2013 F\u00f6r personer som fyller 67 \u00e5r under 2026, och f\u00f6r de som \u00e4r \u00e4ldre, blir det billigare att g\u00e5 till tandl\u00e4karen efter ny\u00e5r. Staten ska st\u00e5 f\u00f6r 90 procent av kostnaderna f\u00f6r till exempel lagningar och rotfyllningar genom en ny tandv\u00e5rdsers\u00e4ttning. <\/p>\n<p class=\"sc-c25743f0-0 sc-e37c0145-2 hObFds DQgPn\">\u2013 Pension\u00e4rer \u00f6ver 66 \u00e5r f\u00e5r dessutom genom ett f\u00f6rh\u00f6jt grundavdrag s\u00e4nkt skatt, med cirka 150 kronor i m\u00e5naden f\u00f6r en genomsnittspension\u00e4r.<\/p>\n<p class=\"sc-c25743f0-0 sc-e37c0145-2 hObFds DQgPn\">\u2013 H\u00f6jd niv\u00e5 f\u00f6r skattefritt sparande p\u00e5 ISK och i kapitalf\u00f6rs\u00e4kring fr\u00e5n 150 000 kronor till 300 000 kronor per person.<\/p>\n<p class=\"sc-c25743f0-0 sc-e37c0145-2 hObFds DQgPn\">\u2013 Slopat r\u00e4nteavdrag p\u00e5 l\u00e5n utan s\u00e4kerhet: Avdragsr\u00e4tten f\u00f6r l\u00e5n utan s\u00e4kerhet, s\u00e5 kallade blancol\u00e5n, f\u00f6rsvinner vilket enligt Skatteverkets bed\u00f6mning p\u00e5verkar 5,8 miljoner personer.<\/p>\n<p class=\"sc-c25743f0-0 sc-e37c0145-2 hObFds DQgPn\">\u2013 Kostnadsgr\u00e4nsen f\u00f6r bostadsbidrag h\u00f6js vilket inneb\u00e4r h\u00f6gre bidrag f\u00f6r barnfamiljer med h\u00f6ga boendekostnader.<\/p>\n<p class=\"sc-c25743f0-0 sc-e37c0145-2 hObFds DQgPn\">\u2013 Det sk\u00e4rpta amorteringskravet f\u00f6r bol\u00e5n ska tas bort den 1 april och bol\u00e5netaket h\u00f6js fr\u00e5n 85 till 90 procent. Riksdagen har dock \u00e4nnu inte fattat beslutet.<\/p>\n<p class=\"sc-c25743f0-0 sc-e37c0145-2 hObFds DQgPn\">\u2013 Momsen p\u00e5 biljetter f\u00f6r danstillst\u00e4llningar, \u201ddansbandsmomsen\u201d, s\u00e4nks fr\u00e5n 25 till 6 procent den 1 juli.<\/p>\n<p class=\"sc-c25743f0-0 sc-e37c0145-2 hObFds DQgPn\">\u2013 Skatten f\u00f6r utomlands bosatta svenskar s\u00e4nks fr\u00e5n 25 procent till 22,5 procent fr\u00e5n den 1 januari 2026 och till 20 procent den 1 januari 2027.<\/p>\n<p class=\"sc-c25743f0-0 sc-e37c0145-2 hObFds DQgPn\">\u2013 Skatten p\u00e5 nikotin och tobak h\u00f6js den 1 januari.<\/p>\n<p>Brott och straff<\/p>\n<p class=\"sc-c25743f0-0 sc-e37c0145-2 hObFds DQgPn\">\u2013 Villkorlig frigivning ska tidigast f\u00e5 ske efter att tre fj\u00e4rdedelar av straffet avtj\u00e4nats. Sk\u00e4rpningen inf\u00f6rs stegvis och omfattar straff p\u00e5 minst sex \u00e5r fr\u00e5n \u00e5rsskiftet.<\/p>\n<p class=\"sc-c25743f0-0 sc-e37c0145-2 hObFds DQgPn\">\u2013 Det kortast m\u00f6jliga f\u00e4ngelsestraffet h\u00f6js till en m\u00e5nad.<\/p>\n<p>Lagf\u00f6rslag<\/p>\n<p class=\"sc-c25743f0-0 sc-e37c0145-2 hObFds DQgPn\">\u2013 \u00d6kade m\u00f6jligheter att anv\u00e4nda brottsprovokation, beslutas i januari, planeras tr\u00e4da i kraft 1 april och 1 juni.<\/p>\n<p class=\"sc-c25743f0-0 sc-e37c0145-2 hObFds DQgPn\">\u2013 Nytt tidsobest\u00e4mt straff, s\u00e5 kallad s\u00e4kerhetsf\u00f6rvaring f\u00f6r tex \u00e5terfallsbrottslingar som beg\u00e5tt grova sexualbrott. Planeras tr\u00e4da i kraft 1 mars.<\/p>\n<p class=\"sc-c25743f0-0 sc-e37c0145-2 hObFds DQgPn\">\u2013 F\u00e4ngelsestraff ska b\u00f6rja kunna avtj\u00e4nas utomlands fr\u00e5n och med 1 juli.<\/p>\n<p class=\"sc-c25743f0-0 sc-e37c0145-2 hObFds DQgPn\">\u2013 S\u00e4nkt straffbarhets\u00e5lder till 13 \u00e5r kan tr\u00e4da i kraft den 1 juli. <\/p>\n<p>Migration<\/p>\n<p class=\"sc-c25743f0-0 sc-e37c0145-2 hObFds DQgPn\">\u2013 \u00c5tervandringsbidraget h\u00f6js fr\u00e5n 10 000 till 350 000 kronor per vuxen f\u00f6r invandrare som f\u00e5tt uppeh\u00e5llstillst\u00e5nd i Sverige av skyddssk\u00e4l.<\/p>\n<p>S\u00e4kerhet<\/p>\n<p class=\"sc-c25743f0-0 sc-e37c0145-2 hObFds DQgPn\">\u2013 <a href=\"https:\/\/www.msb.se\/sv\/amnesomraden\/informationssakerhet-cybersakerhet-och-sakra-kommunikationer\/krav-och-regler-inom-informationssakerhet-och-cybersakerhet\/nis-direktivet\/incidentrapportering-enligt-cybersakerhetslagen\/\" class=\"pcc\" target=\"_blank\" rel=\"noopener noreferrer nofollow\">Ny cybers\u00e4kerhetslag <\/a>tr\u00e4der i kraft den 15 januari 2026. Lagen inneb\u00e4r bland annat att fler verksamheter kommer att beh\u00f6va rapportera in \u201dalla betydande incidenter\u201d till Myndigheten f\u00f6r civilt f\u00f6rsvar. <\/p>\n<p>Milj\u00f6 och klimat<\/p>\n<p class=\"sc-c25743f0-0 sc-e37c0145-2 hObFds DQgPn\">\u2013 Det blir \u00e5ter till\u00e5tet att bryta uran i Sverige, men kommunerna har kvar sin m\u00f6jlighet att stoppa det med veto.<\/p>\n","protected":false},"excerpt":{"rendered":"Ekonomi \u2013 Jobbskatteavdraget st\u00e4rks fr\u00e5n den 1 januari vilket inneb\u00e4r s\u00e4nkt skatt med cirka 400 kronor i m\u00e5naden&hellip;\n","protected":false},"author":2,"featured_media":122031,"comment_status":"","ping_status":"","sticky":false,"template":"","format":"standard","meta":{"footnotes":""},"categories":[65],"tags":[72,70,71,34,31,33,32,30],"class_list":{"0":"post-122030","1":"post","2":"type-post","3":"status-publish","4":"format-standard","5":"has-post-thumbnail","7":"category-ekonomi","8":"tag-business","9":"tag-economy","10":"tag-ekonomi","11":"tag-se","12":"tag-svenska","13":"tag-sverige","14":"tag-sweden","15":"tag-swedish"},"share_on_mastodon":{"url":"https:\/\/pubeurope.com\/@se\/115815937627829494","error":""},"_links":{"self":[{"href":"https:\/\/www.europesays.com\/se\/wp-json\/wp\/v2\/posts\/122030","targetHints":{"allow":["GET"]}}],"collection":[{"href":"https:\/\/www.europesays.com\/se\/wp-json\/wp\/v2\/posts"}],"about":[{"href":"https:\/\/www.europesays.com\/se\/wp-json\/wp\/v2\/types\/post"}],"author":[{"embeddable":true,"href":"https:\/\/www.europesays.com\/se\/wp-json\/wp\/v2\/users\/2"}],"replies":[{"embeddable":true,"href":"https:\/\/www.europesays.com\/se\/wp-json\/wp\/v2\/comments?post=122030"}],"version-history":[{"count":0,"href":"https:\/\/www.europesays.com\/se\/wp-json\/wp\/v2\/posts\/122030\/revisions"}],"wp:featuredmedia":[{"embeddable":true,"href":"https:\/\/www.europesays.com\/se\/wp-json\/wp\/v2\/media\/122031"}],"wp:attachment":[{"href":"https:\/\/www.europesays.com\/se\/wp-json\/wp\/v2\/media?parent=122030"}],"wp:term":[{"taxonomy":"category","embeddable":true,"href":"https:\/\/www.europesays.com\/se\/wp-json\/wp\/v2\/categories?post=122030"},{"taxonomy":"post_tag","embeddable":true,"href":"https:\/\/www.europesays.com\/se\/wp-json\/wp\/v2\/tags?post=122030"}],"curies":[{"name":"wp","href":"https:\/\/api.w.org\/{rel}","templated":true}]}}