{"id":122034,"date":"2025-12-31T20:07:08","date_gmt":"2025-12-31T20:07:08","guid":{"rendered":"https:\/\/www.europesays.com\/se\/122034\/"},"modified":"2025-12-31T20:07:08","modified_gmt":"2025-12-31T20:07:08","slug":"netanyahu-om-bosattarvaldet-handfull-tonaringar","status":"publish","type":"post","link":"https:\/\/www.europesays.com\/se\/122034\/","title":{"rendered":"Netanyahu om bos\u00e4ttarv\u00e5ldet: \u201dHandfull ton\u00e5ringar\u201d"},"content":{"rendered":"<p>share-arrowDela<\/p>\n<p>unsaveSpara<\/p>\n<p>expand-left<\/p>\n<p>helsk\u00e4rm<img decoding=\"async\" class=\"image-asset hyperion-css-u06ts1\" data-test-tag=\"image-asset\" src=\"https:\/\/www.europesays.com\/se\/wp-content\/uploads\/2025\/12\/ede6e7e8-d29a-4799-b6f6-43fc33b8b328.jpeg\"  alt=\"Israels premi\u00e4rminister Benjamin Netanyahu. Arkivbild.\"  loading=\"eager\" fetchpriority=\"high\" style=\"aspect-ratio:1900 \/ 1267\"\/>Israels premi\u00e4rminister Benjamin Netanyahu. Arkivbild. Foto: Ariel Schalit\/AP\/TT<\/p>\n<p class=\"hyperion-css-1shl3oz\" data-test-tag=\"lead-text\">Bilden av det eskalerande bos\u00e4ttarv\u00e5ldet p\u00e5 det ockuperade V\u00e4stbanken \u00e4r \u00f6verdriven, p\u00e5st\u00e5r Israels premi\u00e4rminister Benjamin Netanyahu, som kallar f\u00f6r\u00f6varna \u201den handfull ton\u00e5ringar\u201d.<\/p>\n<p class=\"hyperion-css-1shl3oz\" data-test-tag=\"lead-text\">Kommentaren kommer kort efter det att FN varnat f\u00f6r att bos\u00e4ttarnas d\u00e5d n\u00e5tt rekordniv\u00e5er.<\/p>\n<p class=\"hyperion-css-1v9qo5x\">\u2013 Det \u00e4r v\u00e4ldigt uppbl\u00e5st. De syftar p\u00e5 en handfull ton\u00e5ringar, omkring 70 stycken, som inte kommer fr\u00e5n V\u00e4stbanken, barn fr\u00e5n trasiga hem. De g\u00f6r s\u00e5dant som att hugga ner tr\u00e4d och ibland f\u00f6rs\u00f6ker de br\u00e4nna ner ett hem, sade Netanyahu i en intervju med Fox News, som s\u00e4ndes p\u00e5 tisdagen.<\/p>\n<p class=\"hyperion-css-1v9qo5x\">P\u00e5st\u00e5endet st\u00e5r i skarp kontrast till den situation som beskrivs av FN-organet Ocha. Deras statistik visar bland annat att det bara under oktober m\u00e5nader skedde minst 264 bos\u00e4ttarattacker mot palestinier p\u00e5 det av Israel ockuperade V\u00e4stbanken, den h\u00f6gsta siffran p\u00e5 n\u00e4stan 20 \u00e5r.<\/p>\n<p class=\"hyperion-css-1v9qo5x\">Sedan 2006, n\u00e4r FN b\u00f6rjade f\u00f6ra protokoll \u00f6ver bos\u00e4ttarv\u00e5ldet p\u00e5 V\u00e4stbanken, har israeliska bos\u00e4ttare utf\u00f6rt fler \u00e4n 9\u00a0600 attacker mot palestinier i omr\u00e5det, bland dem d\u00f6dliga s\u00e5dana. Runt 15 procent av dem \u2013 omkring 1\u00a0500 \u2013 skedde fram till och med november i \u00e5r.<\/p>\n","protected":false},"excerpt":{"rendered":"share-arrowDela unsaveSpara expand-left helsk\u00e4rmIsraels premi\u00e4rminister Benjamin Netanyahu. Arkivbild. Foto: Ariel Schalit\/AP\/TT Bilden av det eskalerande bos\u00e4ttarv\u00e5ldet p\u00e5 det&hellip;\n","protected":false},"author":2,"featured_media":122035,"comment_status":"","ping_status":"","sticky":false,"template":"","format":"standard","meta":{"footnotes":""},"categories":[14],"tags":[22,23,26,27,17,21,24,25,28,29,15,16,18,34,31,33,32,30,19,20,51,52,53,54],"class_list":{"0":"post-122034","1":"post","2":"type-post","3":"status-publish","4":"format-standard","5":"has-post-thumbnail","7":"category-varlden","8":"tag-breaking-news","9":"tag-breakingnews","10":"tag-featured-news","11":"tag-featurednews","12":"tag-headlines","13":"tag-huvudnyheter","14":"tag-latest-news","15":"tag-latestnews","16":"tag-main-news","17":"tag-mainnews","18":"tag-news","19":"tag-nyheter","20":"tag-rubriker","21":"tag-se","22":"tag-svenska","23":"tag-sverige","24":"tag-sweden","25":"tag-swedish","26":"tag-top-stories","27":"tag-topstories","28":"tag-varlden","29":"tag-world","30":"tag-world-news","31":"tag-worldnews"},"share_on_mastodon":{"url":"https:\/\/pubeurope.com\/@se\/115815989024342754","error":""},"_links":{"self":[{"href":"https:\/\/www.europesays.com\/se\/wp-json\/wp\/v2\/posts\/122034","targetHints":{"allow":["GET"]}}],"collection":[{"href":"https:\/\/www.europesays.com\/se\/wp-json\/wp\/v2\/posts"}],"about":[{"href":"https:\/\/www.europesays.com\/se\/wp-json\/wp\/v2\/types\/post"}],"author":[{"embeddable":true,"href":"https:\/\/www.europesays.com\/se\/wp-json\/wp\/v2\/users\/2"}],"replies":[{"embeddable":true,"href":"https:\/\/www.europesays.com\/se\/wp-json\/wp\/v2\/comments?post=122034"}],"version-history":[{"count":0,"href":"https:\/\/www.europesays.com\/se\/wp-json\/wp\/v2\/posts\/122034\/revisions"}],"wp:featuredmedia":[{"embeddable":true,"href":"https:\/\/www.europesays.com\/se\/wp-json\/wp\/v2\/media\/122035"}],"wp:attachment":[{"href":"https:\/\/www.europesays.com\/se\/wp-json\/wp\/v2\/media?parent=122034"}],"wp:term":[{"taxonomy":"category","embeddable":true,"href":"https:\/\/www.europesays.com\/se\/wp-json\/wp\/v2\/categories?post=122034"},{"taxonomy":"post_tag","embeddable":true,"href":"https:\/\/www.europesays.com\/se\/wp-json\/wp\/v2\/tags?post=122034"}],"curies":[{"name":"wp","href":"https:\/\/api.w.org\/{rel}","templated":true}]}}