{"id":122036,"date":"2025-12-31T20:11:07","date_gmt":"2025-12-31T20:11:07","guid":{"rendered":"https:\/\/www.europesays.com\/se\/122036\/"},"modified":"2025-12-31T20:11:07","modified_gmt":"2025-12-31T20:11:07","slug":"william-hakansson-trader-fram-som-luleas-ovantade-festfixare-hockey","status":"publish","type":"post","link":"https:\/\/www.europesays.com\/se\/122036\/","title":{"rendered":"William H\u00e5kansson tr\u00e4der fram som Lule\u00e5s ov\u00e4ntade festfixare | Hockey"},"content":{"rendered":"<p>Publicerad 31 dec 2025 kl 20.48<\/p>\n<p>Lule\u00e5s SM-guldfirande var storslaget.<\/p>\n<p>N\u00e4r det blev dags f\u00f6r en Spanienresa med laget klev William H\u00e5kansson, 18, fram som ov\u00e4ntad festfixare.<\/p>\n<p>\u2013 Jag fick n\u00e5gra klappar p\u00e5 axeln d\u00e4r n\u00e5gra g\u00e5nger s\u00e5 det var kul, s\u00e4ger han.<\/p>\n<p><img loading=\"lazy\"   alt=\"\"\/><\/p>\n<p>William H\u00e5kansson.<\/p>\n<p>Foto: ARON BROMAN \/ BILDBYR\u00c5N<\/p>\n<p>\u00d6ppna bild i helsk\u00e4rm<img loading=\"lazy\"   alt=\"\"\/><\/p>\n<p>Tidigare har backen spelat i Djurg\u00e5rdens ungdomslag.<\/p>\n<p>Foto: Pontus Lundahl\/TT \/ TT NYHETSBYR\u00c5N<\/p>\n<p>\u00d6ppna bild i helsk\u00e4rm<img loading=\"lazy\"   alt=\"\"\/><\/p>\n<p>Nu tillh\u00f6r H\u00e5kansson SHL-klubben Lule\u00e5.<\/p>\n<p>Foto: P\u00c4R OLERT \/ BILDBYR\u00c5N<\/p>\n<p>\u00d6ppna bild i helsk\u00e4rm<img loading=\"lazy\"   alt=\"\"\/><\/p>\n<p>H\u00e5kansson, till h\u00f6ger, under JVM.<\/p>\n<p>Foto: JOEL MARKLUND \/ BILDBYR\u00c5N<\/p>\n<p>\u00d6ppna bild i helsk\u00e4rm<\/p>\n<p>Han beskriver uttagningen till turneringen med Juniorkronorna som \u201den dr\u00f6m\u201d och har nu f\u00e5tt dra p\u00e5 sig den bl\u00e5gula dressen med m\u00e5nga \u00f6gon p\u00e5 sig.<\/p>\n<p>\u2013 F\u00f6rhoppningsvis g\u00f6r jag det j\u00e4kligt bra h\u00e4r, kommer tillbaka, f\u00e5r lite f\u00f6rtroende och kan bygga vidare p\u00e5 n\u00e5gonting, s\u00e4ger den 18-\u00e5rige backen.<\/p>\n<p>Men William H\u00e5kansson har samtidigt under h\u00f6sten f\u00e5tt se konkurrensen \u00f6ka i klubblaget Lule\u00e5.<\/p>\n<p>\u2013 Konkurrens \u00e4r bra ocks\u00e5, man m\u00e5ste spela sin b\u00e4sta hockey f\u00f6r att f\u00e5 istid. Jag ska g\u00f6ra allt jag kan f\u00f6r att f\u00e5 mina minuter d\u00e4r och f\u00f6rtj\u00e4na dem. \u00a0Nu kom jag i v\u00e4g lite h\u00e4r och f\u00e5r spela.<\/p>\n<p>L\u00e4mnade familjen 15 \u00e5r gammal<\/p>\n<p>Redan 2023 tog han sitt pick och pack fr\u00e5n Solna f\u00f6r att flytta upp till Norrbotten.<\/p>\n<p>\u2013 Det har v\u00e4l g\u00e5tt upp\u00e5t f\u00f6r varje \u00e5r. Jag tycker framf\u00f6r allt efter \u00e5rsskiftet f\u00f6rra \u00e5ret s\u00e5 tycker jag v\u00e4l att det har g\u00e5tt mer upp \u00e4n n\u00e5gonsin. Jag \u00e4lskar att vara d\u00e4r, s\u00e4ger H\u00e5kansson.<\/p>\n<p>N\u00e4r flyttlasset gick var han 15 \u00e5r gammal.<\/p>\n<p>\u2013 Att flytta hemifr\u00e5n tyckte jag var kul. Sen att det blev n\u00e4r jag var 15 \u00e5r \u00e4r v\u00e4l kanske inte s\u00e5 vanligt, men det var kul. Jag kom upp och trivdes j\u00e4ttebra i Lule\u00e5 fr\u00e5n dag ett och ja, det \u00e4r grymt d\u00e4r uppe. Det \u00e4r som hemma. Det har inte varit s\u00e5 jobbigt som m\u00e5nga andra kanske tycker. Det har flutit p\u00e5 grymt bra.<\/p>\n<p>I mars i \u00e5r fick han ocks\u00e5 chansen att g\u00f6ra SHL-debut f\u00f6r klubben och har d\u00e4refter varit n\u00e4rmast bofast i laget under h\u00f6sten, n\u00e5got som resulterade i en <a href=\"https:\/\/www.expressen.se\/tagg\/organization\/jvm\/\" class=\"\" rel=\"nofollow noopener\" target=\"_blank\">JVM<\/a>-plats.<\/p>\n<p>\u2013 F\u00f6rsta g\u00e5ngen man kom in i omkl\u00e4dningsrummet p\u00e5 en tr\u00e4ning s\u00e5 var man v\u00e4l inte s\u00e5 mycket&#8230; man var tyst och s\u00e5 s\u00e5g man Omark d\u00e4r och v\u00e5gade v\u00e4l inte s\u00e4ga n\u00e5gonting. Men de \u00e4r j\u00e4vligt sk\u00f6na, s\u00e4ger H\u00e5kansson.<\/p>\n<p>Nerv\u00f6sa m\u00f6tet med \u201dBulan\u201d<\/p>\n<p><strong>Hur tog de emot dig?<\/strong><\/p>\n<p>\u2013 Det var v\u00e4l lite nerv\u00f6st f\u00f6rsta g\u00e5ngen man pratade med honom och Stridh, men man l\u00e4r k\u00e4nna dem. Det blir v\u00e4l lite annorlunda n\u00e4r man \u00e4r s\u00e5 ung, de \u00e4r s\u00e5 mycket \u00e4ldre och har varit med s\u00e5 l\u00e4nge. Men man kommer in i det hyfsat bra.<\/p>\n<p>\u00c4ven om det bara blev en match i semifinalserien mot Fr\u00f6lunda r\u00e4knades han som en av truppens guldvinnare.<\/p>\n<p><img loading=\"lazy\"   alt=\"\"\/><\/p>\n<p>Tr\u00e4narna Henrik Stridh och Thomas \u201dBulan\u201d Berglund.<\/p>\n<p>Foto: SIMON ELIASSON \/ BILDBYR\u00c5N<\/p>\n<p>\u00d6ppna bild i helsk\u00e4rm<img loading=\"lazy\"   alt=\"\"\/><\/p>\n<p>Linus Omark under guldfirandet.<\/p>\n<p>Foto: SIMON ELIASSON \/ BILDBYR\u00c5N<\/p>\n<p>\u00d6ppna bild i helsk\u00e4rm<img loading=\"lazy\"   alt=\"\"\/><\/p>\n<p>H\u00e5kansson var en del av Lule\u00e5s trupp redan i fjol.<\/p>\n<p>Foto: SIMON ELIASSON \/ BILDBYR\u00c5N<\/p>\n<p>\u00d6ppna bild i helsk\u00e4rm<img loading=\"lazy\"   alt=\"\"\/><\/p>\n<p>Firandet blev storslaget.<\/p>\n<p>Foto: SIMON ELIASSON \/ BILDBYR\u00c5N<\/p>\n<p>\u00d6ppna bild i helsk\u00e4rm<\/p>\n<p><strong>Hur var det att vara med om det som blev ett guldfirande?<\/strong><\/p>\n<p>\u2013 Det var supercoolt. Att f\u00e5 vara med och se vad som h\u00e4nder i ett vinnande lag utanf\u00f6r isen och p\u00e5 isen, liksom hur gruppen kommer ihop hela v\u00e4gen till slutet. Det var en j\u00e4vla upplevelse. J\u00e4ttel\u00e4rorikt f\u00f6r mig.<\/p>\n<p>Annons<\/p>\n<p>I maj fick H\u00e5kansson vara med och ta emot folkets jubel i Lule\u00e5.<\/p>\n<p>\u2013 Det var coolt ocks\u00e5. Att st\u00e5 i S\u00f6dra Hamn inf\u00f6r 15 000, det \u00e4r inte varje dag man g\u00f6r det. Att se hur mycket det betydde f\u00f6r hela Norrbotten och Lule\u00e5 framf\u00f6r allt. Det var en j\u00e4vla upplevelse, s\u00e4ger backen.<\/p>\n<p>Lule\u00e5s ok\u00e4nda festfixare<\/p>\n<p>Men det tog inte stopp d\u00e4r.<\/p>\n<p>N\u00e4r det vankades extra guldfirande och resa till Spanien med laget hade han ett finger med i spelet.<\/p>\n<p>Han blev n\u00e5got av en festfixare i sv\u00e5rman\u00f6vrerad entr\u00e9k\u00f6.<\/p>\n<p>\u2013 En familjekompis jag hade d\u00e4r nere har koll p\u00e5 grejerna s\u00e5 jag t\u00e4nkte jag f\u00e5r bidra med n\u00e5gonting. Om jag inte \u00e4r p\u00e5 isen f\u00e5r jag v\u00e4l l\u00f6sa n\u00e5gonting annat och vara glad f\u00f6r att jag \u00e4r med p\u00e5 resan. S\u00e5 d\u00e5 fick jag dra i lite tr\u00e5dar och l\u00f6sa lite kul.<\/p>\n<p>Det imponerade p\u00e5 Linus Omark, Erik Gustafsson och resten av g\u00e4nget.<\/p>\n<p>\u2013 Jag fick n\u00e5gra klappar p\u00e5 axeln d\u00e4r n\u00e5gra g\u00e5nger s\u00e5 det var kul. Jag lade v\u00e4l ut en liten tr\u00e5d d\u00e4r f\u00f6r att hj\u00e4lpa till s\u00e5 mycket jag kunde. De fick g\u00f6ra allting annat sj\u00e4lva och s\u00e5 hj\u00e4lpte jag bara till p\u00e5 ett h\u00f6rn, s\u00e4ger William H\u00e5kansson.<\/p>\n<p><strong>\u00c4r du den ov\u00e4ntade festfixaren?<\/strong><\/p>\n<p>\u2013 Nej&#8230; kanske? Det f\u00e5r n\u00e5gon annan avg\u00f6ra, haha.<\/p>\n<p><img alt=\"\"\/>Ljudklippet gick inte att spela upp<\/p>\n<p>F\u00f6rs\u00f6k igen senare<\/p>\n","protected":false},"excerpt":{"rendered":"Publicerad 31 dec 2025 kl 20.48 Lule\u00e5s SM-guldfirande var storslaget. N\u00e4r det blev dags f\u00f6r en Spanienresa med&hellip;\n","protected":false},"author":2,"featured_media":122037,"comment_status":"","ping_status":"","sticky":false,"template":"","format":"standard","meta":{"footnotes":""},"categories":[68],"tags":[5748,5945,1178,34,255,111,110,31,33,32,30],"class_list":{"0":"post-122036","1":"post","2":"type-post","3":"status-publish","4":"format-standard","5":"has-post-thumbnail","7":"category-sport","8":"tag-organization-juniorkronorna","9":"tag-organization-jvm","10":"tag-organization-lulea-hockey","11":"tag-se","12":"tag-sections-ishockey","13":"tag-sport","14":"tag-sports","15":"tag-svenska","16":"tag-sverige","17":"tag-sweden","18":"tag-swedish"},"share_on_mastodon":{"url":"https:\/\/pubeurope.com\/@se\/115816004513515774","error":""},"_links":{"self":[{"href":"https:\/\/www.europesays.com\/se\/wp-json\/wp\/v2\/posts\/122036","targetHints":{"allow":["GET"]}}],"collection":[{"href":"https:\/\/www.europesays.com\/se\/wp-json\/wp\/v2\/posts"}],"about":[{"href":"https:\/\/www.europesays.com\/se\/wp-json\/wp\/v2\/types\/post"}],"author":[{"embeddable":true,"href":"https:\/\/www.europesays.com\/se\/wp-json\/wp\/v2\/users\/2"}],"replies":[{"embeddable":true,"href":"https:\/\/www.europesays.com\/se\/wp-json\/wp\/v2\/comments?post=122036"}],"version-history":[{"count":0,"href":"https:\/\/www.europesays.com\/se\/wp-json\/wp\/v2\/posts\/122036\/revisions"}],"wp:featuredmedia":[{"embeddable":true,"href":"https:\/\/www.europesays.com\/se\/wp-json\/wp\/v2\/media\/122037"}],"wp:attachment":[{"href":"https:\/\/www.europesays.com\/se\/wp-json\/wp\/v2\/media?parent=122036"}],"wp:term":[{"taxonomy":"category","embeddable":true,"href":"https:\/\/www.europesays.com\/se\/wp-json\/wp\/v2\/categories?post=122036"},{"taxonomy":"post_tag","embeddable":true,"href":"https:\/\/www.europesays.com\/se\/wp-json\/wp\/v2\/tags?post=122036"}],"curies":[{"name":"wp","href":"https:\/\/api.w.org\/{rel}","templated":true}]}}