{"id":122038,"date":"2025-12-31T20:15:08","date_gmt":"2025-12-31T20:15:08","guid":{"rendered":"https:\/\/www.europesays.com\/se\/122038\/"},"modified":"2025-12-31T20:15:08","modified_gmt":"2025-12-31T20:15:08","slug":"tror-pa-seger-i-ukraina-hufvudstadsbladet","status":"publish","type":"post","link":"https:\/\/www.europesays.com\/se\/122038\/","title":{"rendered":"Tror p\u00e5 seger i Ukraina \u2013 Hufvudstadsbladet"},"content":{"rendered":"<p>Vladimir Putin tror att Ryssland g\u00e5r segrande ur kriget i Ukraina. Det s\u00e4ger den ryska presidenten i sitt ny\u00e5rstal p\u00e5 ny\u00e5rsafton.<\/p>\n<p>Putin uppmanar ryssarna att \u201dst\u00f6tta v\u00e5ra hj\u00e4ltar\u201d som strider i Ukraina.<\/p>\n<p>\u2013 Vi tror p\u00e5 er och v\u00e5r seger, s\u00e4ger han i talet och \u00f6nskar alla soldater i Ukraina gott nytt \u00e5r.<\/p>\n<p>Talet s\u00e4ndes f\u00f6rst i Kamtjatka som ligger allra l\u00e4ngst \u00f6sterut i Ryssland, i landets f\u00f6rsta tidszon att g\u00e5 \u00f6ver till 2026. Efterf\u00f6ljande timmar s\u00e4nds talet \u00e4ven i landets \u00f6vriga tio tidszoner l\u00e4ngre v\u00e4sterut. <\/p>\n<p>P\u00e5 ny\u00e5rsafton \u00e4r det 26 \u00e5r sedan Vladimir Putin tog \u00f6ver makten i Ryssland efter <strong>Boris Jeltsins<\/strong> avg\u00e5ng 1999. <\/p>\n","protected":false},"excerpt":{"rendered":"Vladimir Putin tror att Ryssland g\u00e5r segrande ur kriget i Ukraina. Det s\u00e4ger den ryska presidenten i sitt&hellip;\n","protected":false},"author":2,"featured_media":122039,"comment_status":"","ping_status":"","sticky":false,"template":"","format":"standard","meta":{"footnotes":""},"categories":[14],"tags":[22,23,26,27,17,21,24,25,28,29,15,16,18,34,31,33,32,30,19,20,51,52,53,54],"class_list":{"0":"post-122038","1":"post","2":"type-post","3":"status-publish","4":"format-standard","5":"has-post-thumbnail","7":"category-varlden","8":"tag-breaking-news","9":"tag-breakingnews","10":"tag-featured-news","11":"tag-featurednews","12":"tag-headlines","13":"tag-huvudnyheter","14":"tag-latest-news","15":"tag-latestnews","16":"tag-main-news","17":"tag-mainnews","18":"tag-news","19":"tag-nyheter","20":"tag-rubriker","21":"tag-se","22":"tag-svenska","23":"tag-sverige","24":"tag-sweden","25":"tag-swedish","26":"tag-top-stories","27":"tag-topstories","28":"tag-varlden","29":"tag-world","30":"tag-world-news","31":"tag-worldnews"},"share_on_mastodon":{"url":"https:\/\/pubeurope.com\/@se\/115816020223789744","error":""},"_links":{"self":[{"href":"https:\/\/www.europesays.com\/se\/wp-json\/wp\/v2\/posts\/122038","targetHints":{"allow":["GET"]}}],"collection":[{"href":"https:\/\/www.europesays.com\/se\/wp-json\/wp\/v2\/posts"}],"about":[{"href":"https:\/\/www.europesays.com\/se\/wp-json\/wp\/v2\/types\/post"}],"author":[{"embeddable":true,"href":"https:\/\/www.europesays.com\/se\/wp-json\/wp\/v2\/users\/2"}],"replies":[{"embeddable":true,"href":"https:\/\/www.europesays.com\/se\/wp-json\/wp\/v2\/comments?post=122038"}],"version-history":[{"count":0,"href":"https:\/\/www.europesays.com\/se\/wp-json\/wp\/v2\/posts\/122038\/revisions"}],"wp:featuredmedia":[{"embeddable":true,"href":"https:\/\/www.europesays.com\/se\/wp-json\/wp\/v2\/media\/122039"}],"wp:attachment":[{"href":"https:\/\/www.europesays.com\/se\/wp-json\/wp\/v2\/media?parent=122038"}],"wp:term":[{"taxonomy":"category","embeddable":true,"href":"https:\/\/www.europesays.com\/se\/wp-json\/wp\/v2\/categories?post=122038"},{"taxonomy":"post_tag","embeddable":true,"href":"https:\/\/www.europesays.com\/se\/wp-json\/wp\/v2\/tags?post=122038"}],"curies":[{"name":"wp","href":"https:\/\/api.w.org\/{rel}","templated":true}]}}