{"id":122040,"date":"2025-12-31T20:17:16","date_gmt":"2025-12-31T20:17:16","guid":{"rendered":"https:\/\/www.europesays.com\/se\/122040\/"},"modified":"2025-12-31T20:17:16","modified_gmt":"2025-12-31T20:17:16","slug":"emma-ribom-och-moa-ilar-pa-pallen-i-tredje-etappen-i-tour-de-ski","status":"publish","type":"post","link":"https:\/\/www.europesays.com\/se\/122040\/","title":{"rendered":"Emma Ribom och Moa Ilar p\u00e5 pallen i tredje etappen i Tour de Ski"},"content":{"rendered":"<p><img decoding=\"async\" class=\"image-asset hyperion-css-n6kkq1\" data-test-tag=\"image-asset\" src=\"https:\/\/www.europesays.com\/se\/wp-content\/uploads\/2025\/12\/1767212231_962_c79d8f99-4dae-4b51-877e-56b004edc21b.png\"  alt=\"\"  loading=\"lazy\" fetchpriority=\"auto\" style=\"aspect-ratio:1900 \/ 1900\"\/><img decoding=\"async\" class=\"image-asset hyperion-css-n6kkq1\" data-test-tag=\"image-asset\" src=\"https:\/\/www.europesays.com\/se\/wp-content\/uploads\/2025\/12\/a4ff5eb2-1f2f-4f66-b6a5-9fa391183945.png\"  alt=\"\"  loading=\"lazy\" fetchpriority=\"auto\" style=\"aspect-ratio:1900 \/ 1900\"\/><\/p>\n<p class=\"boxtextgrotesk-root_baa6 hyperion-css-1w346fg\">Uppdaterad 17.06 | Publicerad 15.44<\/p>\n<p>share-arrowDela<\/p>\n<p>unsaveSpara<\/p>\n<p>Lyssna p\u00e5 artikelnLyssna p\u00e5&#8230;<\/p>\n<p class=\"hyperion-css-1shl3oz\" data-test-tag=\"lead-text\">TOBLACH. Flera svenskor trivdes i Tour de Skis tredje etapp.<\/p>\n<p class=\"hyperion-css-1shl3oz\" data-test-tag=\"lead-text\">Emma Ribom och Moa Ilar tog pallplatser.<\/p>\n<p class=\"hyperion-css-1shl3oz\" data-test-tag=\"lead-text\">\u2013 Det \u00e4r mycket k\u00e4nslor, s\u00e4ger Ribom.<\/p>\n<p><img decoding=\"async\" src=\"https:\/\/www.europesays.com\/se\/wp-content\/uploads\/2025\/12\/7a61551c475b2308c9bcc166b7c6c723.jpg\" class=\"thumbnail-image_fbfd thumbnail-portrait_fbfd\" alt=\"Riboms succ\u00e9: &quot;B\u00e4sta dagen p\u00e5 hela 2025&quot;\"\/><\/p>\n<p>Riboms succ\u00e9: &#8221;B\u00e4sta dagen p\u00e5 hela 2025&#8221;<\/p>\n<p>1:04<\/p>\n<p class=\"hyperion-css-1v9qo5x\">I onsdagens Tour de Ski-etapp k\u00f6rde \u00e5karna fem kilometer.<\/p>\n<p class=\"hyperion-css-1v9qo5x\">De delades in i fyra olika heat och deras placeringar \u00f6ver m\u00e5llinjen i heaten spelade ingen roll. I st\u00e4llet j\u00e4mf\u00f6rdes alla \u00e5karnas tider fr\u00e5n de fyra heaten.<\/p>\n<p class=\"hyperion-css-1v9qo5x\">Det tredje heatet gick klart snabbast och alla de tre \u00e5karna som kom p\u00e5 pallen i t\u00e4vlingen var med d\u00e4r.<\/p>\n<p>Ribom i t\u00e5rar<\/p>\n<p class=\"hyperion-css-1v9qo5x\">Jessie Diggins vann framf\u00f6r svenskorna Emma Ribom och Moa Ilar.<\/p>\n<p class=\"hyperion-css-1v9qo5x\">D\u00e4rmed tog sprintspecialisten Ribom karri\u00e4rens f\u00f6rsta pallplats i ett distanslopp i v\u00e4rldscupen. Hon gr\u00e4t av lycka n\u00e4r hon hade v\u00e4ntat in det fj\u00e4rde heatet och insett att pallplatsen var ett faktum.<\/p>\n<p class=\"hyperion-css-1v9qo5x\">\u2013 Jag v\u00e5gade nog inte inse det f\u00f6rr\u00e4n de kom in p\u00e5 stadion och jag fick h\u00f6ra att de var ett g\u00e4ng sekunder efter, s\u00e4ger Ribom.<\/p>\n<p class=\"hyperion-css-1v9qo5x\">Hon har haft ett tungt \u00e5r 2025.<\/p>\n<p class=\"hyperion-css-1v9qo5x\">\u2013 Det \u00e4r mycket k\u00e4nslor och det kan vara min b\u00e4sta dag p\u00e5 skidor p\u00e5 hela 2025. Annars var det ett \u00e5r som jag helst bara vill gl\u00f6mma om jag ska vara \u00e4rlig, s\u00e4ger Ribom.<\/p>\n<p class=\"hyperion-css-1v9qo5x\">Hennes heat gick snabbt tack vare bra samarbete mellan \u00e5kare fr\u00e5n olika nationer.<\/p>\n<p class=\"hyperion-css-1v9qo5x\">\u2013 Vi hade snackat med Jessie (Diggins) innan om att vi ville \u00e5ka fort tillsammans och g\u00f6ra jobbet. Det \u00e4r kul att f\u00e5 g\u00f6ra n\u00e5got tillsammans, jag gillar att vara en del av ett lag, s\u00e4ger Ribom.<\/p>\n<p>chevron-leftf\u00f6reg\u00e5ende<\/p>\n<ul class=\"carousel-container-viewport\" style=\"transform:translate3d(0%, 0, 0)\">\n<li class=\"carousel-slide\" style=\"z-index:1;filter:none(1);padding-bottom:56.26315%\"><img decoding=\"async\" class=\"image-asset hyperion-css-u06ts1\" data-test-tag=\"image-asset\" src=\"https:\/\/www.europesays.com\/se\/wp-content\/uploads\/2025\/12\/b9605997-a036-4a39-8c94-23db6814db71.jpeg\"  alt=\"\"  fetchpriority=\"auto\" style=\"aspect-ratio:1900 \/ 1069\"\/><\/li>\n<li class=\"carousel-slide\" style=\"filter:none(0.3);padding-bottom:56.26315%\"><img decoding=\"async\" class=\"image-asset hyperion-css-u06ts1\" data-test-tag=\"image-asset\" src=\"https:\/\/www.europesays.com\/se\/wp-content\/uploads\/2025\/12\/c3f86919-2833-438f-9a2a-1d91cb05b1b3.jpeg\"  alt=\"\"  fetchpriority=\"auto\" style=\"aspect-ratio:1900 \/ 1069\"\/><\/li>\n<\/ul>\n<p>expand-left<\/p>\n<p>helsk\u00e4rmchevron-rightn\u00e4staEmma Ribom i t\u00e5rar.<\/p>\n<p>1 \/ 2Foto: Viaplay.<\/p>\n<p class=\"hyperion-css-1v9qo5x\">Moa Ilar var inget fan av det nya t\u00e4vlingsformatet trots sin tredjeplats.<\/p>\n<p class=\"hyperion-css-1v9qo5x\">\u2013 Jag hoppas att det var f\u00f6rsta och sista g\u00e5ngen, s\u00e4ger Ilar.<\/p>\n<p class=\"hyperion-css-1v9qo5x\"><strong>Det var inget du g\u00e4rna g\u00f6r igen?<\/strong><\/p>\n<p class=\"hyperion-css-1v9qo5x\">\u2013 Sj\u00e4lva distansen \u00e4r kul men jag hade hellre k\u00f6rt en individuell start d\u00e4r det \u00e4r upp till var och en \u00e4n att det ska vara tur vilket heat man hamnar i.<\/p>\n<p>chevron-leftf\u00f6reg\u00e5ende<\/p>\n<ul class=\"carousel-container-viewport\" style=\"transform:translate3d(0%, 0, 0)\">\n<li class=\"carousel-slide\" style=\"z-index:1;filter:none(1);padding-bottom:66.68421%\"><img decoding=\"async\" class=\"image-asset hyperion-css-u06ts1\" data-test-tag=\"image-asset\" src=\"https:\/\/www.europesays.com\/se\/wp-content\/uploads\/2025\/12\/d420b476-0368-4fd9-be86-4eeb718d244c.jpeg\"  alt=\"\"  fetchpriority=\"auto\" style=\"aspect-ratio:1900 \/ 1267\"\/><\/li>\n<li class=\"carousel-slide\" style=\"filter:none(0.3);padding-bottom:66.68421%\"><img decoding=\"async\" class=\"image-asset hyperion-css-u06ts1\" data-test-tag=\"image-asset\" src=\"https:\/\/www.europesays.com\/se\/wp-content\/uploads\/2025\/12\/66273885-cc06-4ddd-8a32-395adf9283fa.jpeg\"  alt=\"\"  fetchpriority=\"auto\" style=\"aspect-ratio:1900 \/ 1267\"\/><\/li>\n<\/ul>\n<p>expand-left<\/p>\n<p>helsk\u00e4rmchevron-rightn\u00e4staMoa Ilar.<\/p>\n<p>1 \/ 2Foto: Maxim Thore \/ Bildbyr\u00e5n<\/p>\n<p>Ilar trea i totalen<\/p>\n<p class=\"hyperion-css-1v9qo5x\">Efter tre av sex etapper \u00e4r Moa Ilar b\u00e4sta svenska i Tour de Skis sammandrag. Hon ligger p\u00e5 tredje plats, precis en minut bakom ledande Jessie Diggins. Maja Dahlqvist ligger fyra i sammandraget och Emma Ribom \u00e4r sexa.<\/p>\n<p class=\"hyperion-css-1v9qo5x\">De tv\u00e5 st\u00f6rsta svenska f\u00f6rhandsfavoriterna Ebba Andersson och Frida Karlsson ligger p\u00e5 12:e och 16:e plats. Andersson \u00e4r 1 minut och 50 sekunder bakom Diggins och Karlsson \u00e4r precis tv\u00e5 minuter bakom.<\/p>\n<p><a class=\"default eventpodium-link_3879 hyperion-css-1u8qly9\" href=\"https:\/\/malservice.aftonbladet.se\/langdskidor\/_\/728224\/rapport\" rel=\"noopener nofollow\" data-test-tag=\"external-link\" target=\"_blank\"><\/a><\/p>\n<p>1<\/p>\n<p><img decoding=\"async\" src=\"https:\/\/www.europesays.com\/se\/wp-content\/uploads\/2025\/12\/usa\" alt=\"flagga usa\"\/><\/p>\n<p>J. Diggins<\/p>\n<p>10:51,02<\/p>\n<p>2<\/p>\n<p><img decoding=\"async\" src=\"https:\/\/www.europesays.com\/se\/wp-content\/uploads\/2025\/12\/swe\" alt=\"flagga swe\"\/><\/p>\n<p>E. Ribom<\/p>\n<p>+0:05,05<\/p>\n<p>3<\/p>\n<p><img decoding=\"async\" src=\"https:\/\/www.europesays.com\/se\/wp-content\/uploads\/2025\/12\/swe\" alt=\"flagga swe\"\/><\/p>\n<p>M. Ilar<\/p>\n<p>+0:06,09<\/p>\n<p>4<\/p>\n<p><img decoding=\"async\" src=\"https:\/\/www.europesays.com\/se\/wp-content\/uploads\/2025\/12\/fra\" alt=\"flagga fra\"\/><\/p>\n<p>L. Perry<\/p>\n<p>+0:07,05<\/p>\n<p>5<\/p>\n<p><img decoding=\"async\" src=\"https:\/\/www.europesays.com\/se\/wp-content\/uploads\/2025\/12\/can.png\" alt=\"flagga can\"\/><\/p>\n<p>A. Mackie<\/p>\n<p>+0:08,03<\/p>\n<p>7<\/p>\n<p><img decoding=\"async\" src=\"https:\/\/www.europesays.com\/se\/wp-content\/uploads\/2025\/12\/swe\" alt=\"flagga swe\"\/><\/p>\n<p>E. Andersson<\/p>\n<p>+0:09,00<\/p>\n<p>9<\/p>\n<p><img decoding=\"async\" src=\"https:\/\/www.europesays.com\/se\/wp-content\/uploads\/2025\/12\/swe\" alt=\"flagga swe\"\/><\/p>\n<p>M. Dahlqvist<\/p>\n<p>+0:09,08<\/p>\n<p>26<\/p>\n<p><img decoding=\"async\" src=\"https:\/\/www.europesays.com\/se\/wp-content\/uploads\/2025\/12\/swe\" alt=\"flagga swe\"\/><\/p>\n<p>E. Cr\u00fcsell<\/p>\n<p>+0:24,09<\/p>\n<p>31<\/p>\n<p><img decoding=\"async\" src=\"https:\/\/www.europesays.com\/se\/wp-content\/uploads\/2025\/12\/swe\" alt=\"flagga swe\"\/><\/p>\n<p>M. Lundgren<\/p>\n<p>+0:26,04<\/p>\n<p>41<\/p>\n<p><img decoding=\"async\" src=\"https:\/\/www.europesays.com\/se\/wp-content\/uploads\/2025\/12\/swe\" alt=\"flagga swe\"\/><\/p>\n<p>M. Rosenberg<\/p>\n<p>+0:28,05<\/p>\n<p>52<\/p>\n<p><img decoding=\"async\" src=\"https:\/\/www.europesays.com\/se\/wp-content\/uploads\/2025\/12\/swe\" alt=\"flagga swe\"\/><\/p>\n<p>F. Karlsson<\/p>\n<p>+0:38,01<\/p>\n<p>63<\/p>\n<p><img decoding=\"async\" src=\"https:\/\/www.europesays.com\/se\/wp-content\/uploads\/2025\/12\/swe\" alt=\"flagga swe\"\/><\/p>\n<p>L. Eriksson<\/p>\n<p>+0:52,01<\/p>\n<p>64<\/p>\n<p><img decoding=\"async\" src=\"https:\/\/www.europesays.com\/se\/wp-content\/uploads\/2025\/12\/swe\" alt=\"flagga swe\"\/><\/p>\n<p>J. Hagstr\u00f6m<\/p>\n<p>+0:56,04<\/p>\n","protected":false},"excerpt":{"rendered":"Uppdaterad 17.06 | Publicerad 15.44 share-arrowDela unsaveSpara Lyssna p\u00e5 artikelnLyssna p\u00e5&#8230; TOBLACH. Flera svenskor trivdes i Tour de&hellip;\n","protected":false},"author":2,"featured_media":122041,"comment_status":"","ping_status":"","sticky":false,"template":"","format":"standard","meta":{"footnotes":""},"categories":[5],"tags":[22,23,26,27,17,21,24,25,28,29,15,16,18,34,31,33,32,30,19,20],"class_list":{"0":"post-122040","1":"post","2":"type-post","3":"status-publish","4":"format-standard","5":"has-post-thumbnail","7":"category-rubriker","8":"tag-breaking-news","9":"tag-breakingnews","10":"tag-featured-news","11":"tag-featurednews","12":"tag-headlines","13":"tag-huvudnyheter","14":"tag-latest-news","15":"tag-latestnews","16":"tag-main-news","17":"tag-mainnews","18":"tag-news","19":"tag-nyheter","20":"tag-rubriker","21":"tag-se","22":"tag-svenska","23":"tag-sverige","24":"tag-sweden","25":"tag-swedish","26":"tag-top-stories","27":"tag-topstories"},"share_on_mastodon":{"url":"https:\/\/pubeurope.com\/@se\/115816028270386795","error":""},"_links":{"self":[{"href":"https:\/\/www.europesays.com\/se\/wp-json\/wp\/v2\/posts\/122040","targetHints":{"allow":["GET"]}}],"collection":[{"href":"https:\/\/www.europesays.com\/se\/wp-json\/wp\/v2\/posts"}],"about":[{"href":"https:\/\/www.europesays.com\/se\/wp-json\/wp\/v2\/types\/post"}],"author":[{"embeddable":true,"href":"https:\/\/www.europesays.com\/se\/wp-json\/wp\/v2\/users\/2"}],"replies":[{"embeddable":true,"href":"https:\/\/www.europesays.com\/se\/wp-json\/wp\/v2\/comments?post=122040"}],"version-history":[{"count":0,"href":"https:\/\/www.europesays.com\/se\/wp-json\/wp\/v2\/posts\/122040\/revisions"}],"wp:featuredmedia":[{"embeddable":true,"href":"https:\/\/www.europesays.com\/se\/wp-json\/wp\/v2\/media\/122041"}],"wp:attachment":[{"href":"https:\/\/www.europesays.com\/se\/wp-json\/wp\/v2\/media?parent=122040"}],"wp:term":[{"taxonomy":"category","embeddable":true,"href":"https:\/\/www.europesays.com\/se\/wp-json\/wp\/v2\/categories?post=122040"},{"taxonomy":"post_tag","embeddable":true,"href":"https:\/\/www.europesays.com\/se\/wp-json\/wp\/v2\/tags?post=122040"}],"curies":[{"name":"wp","href":"https:\/\/api.w.org\/{rel}","templated":true}]}}