{"id":122046,"date":"2025-12-31T20:23:09","date_gmt":"2025-12-31T20:23:09","guid":{"rendered":"https:\/\/www.europesays.com\/se\/122046\/"},"modified":"2025-12-31T20:23:09","modified_gmt":"2025-12-31T20:23:09","slug":"hard-kritik-mot-israels-stopp-for-nodhjalp","status":"publish","type":"post","link":"https:\/\/www.europesays.com\/se\/122046\/","title":{"rendered":"H\u00e5rd kritik mot Israels stopp f\u00f6r n\u00f6dhj\u00e4lp"},"content":{"rendered":"<p>Enligt lagf\u00f6rslaget kr\u00e4vs att hj\u00e4lporganisationer delar information om finansiering och personal till myndigheterna med risk f\u00f6r f\u00f6rbud mot att bedriva sin verksamhet om inte kraven tillm\u00f6tesg\u00e5s.Enligt Israel \u00e4r lagen t\u00e4nkt att hindra personer som har samr\u00f6re med terrorgrupper att arbeta inom humanit\u00e4ra organisationer.FN:s m\u00e4nniskor\u00e4ttschef Volker T\u00fcrk kallar \u00e5tg\u00e4rden<\/p>\n","protected":false},"excerpt":{"rendered":"Enligt lagf\u00f6rslaget kr\u00e4vs att hj\u00e4lporganisationer delar information om finansiering och personal till myndigheterna med risk f\u00f6r f\u00f6rbud mot&hellip;\n","protected":false},"author":2,"featured_media":122047,"comment_status":"","ping_status":"","sticky":false,"template":"","format":"standard","meta":{"footnotes":""},"categories":[14],"tags":[22,23,26,27,17,21,24,25,28,29,15,16,18,34,31,33,32,30,19,20,51,52,53,54],"class_list":{"0":"post-122046","1":"post","2":"type-post","3":"status-publish","4":"format-standard","5":"has-post-thumbnail","7":"category-varlden","8":"tag-breaking-news","9":"tag-breakingnews","10":"tag-featured-news","11":"tag-featurednews","12":"tag-headlines","13":"tag-huvudnyheter","14":"tag-latest-news","15":"tag-latestnews","16":"tag-main-news","17":"tag-mainnews","18":"tag-news","19":"tag-nyheter","20":"tag-rubriker","21":"tag-se","22":"tag-svenska","23":"tag-sverige","24":"tag-sweden","25":"tag-swedish","26":"tag-top-stories","27":"tag-topstories","28":"tag-varlden","29":"tag-world","30":"tag-world-news","31":"tag-worldnews"},"share_on_mastodon":{"url":"https:\/\/pubeurope.com\/@se\/115816051688197775","error":""},"_links":{"self":[{"href":"https:\/\/www.europesays.com\/se\/wp-json\/wp\/v2\/posts\/122046","targetHints":{"allow":["GET"]}}],"collection":[{"href":"https:\/\/www.europesays.com\/se\/wp-json\/wp\/v2\/posts"}],"about":[{"href":"https:\/\/www.europesays.com\/se\/wp-json\/wp\/v2\/types\/post"}],"author":[{"embeddable":true,"href":"https:\/\/www.europesays.com\/se\/wp-json\/wp\/v2\/users\/2"}],"replies":[{"embeddable":true,"href":"https:\/\/www.europesays.com\/se\/wp-json\/wp\/v2\/comments?post=122046"}],"version-history":[{"count":0,"href":"https:\/\/www.europesays.com\/se\/wp-json\/wp\/v2\/posts\/122046\/revisions"}],"wp:featuredmedia":[{"embeddable":true,"href":"https:\/\/www.europesays.com\/se\/wp-json\/wp\/v2\/media\/122047"}],"wp:attachment":[{"href":"https:\/\/www.europesays.com\/se\/wp-json\/wp\/v2\/media?parent=122046"}],"wp:term":[{"taxonomy":"category","embeddable":true,"href":"https:\/\/www.europesays.com\/se\/wp-json\/wp\/v2\/categories?post=122046"},{"taxonomy":"post_tag","embeddable":true,"href":"https:\/\/www.europesays.com\/se\/wp-json\/wp\/v2\/tags?post=122046"}],"curies":[{"name":"wp","href":"https:\/\/api.w.org\/{rel}","templated":true}]}}