{"id":122051,"date":"2025-12-31T20:33:20","date_gmt":"2025-12-31T20:33:20","guid":{"rendered":"https:\/\/www.europesays.com\/se\/122051\/"},"modified":"2025-12-31T20:33:20","modified_gmt":"2025-12-31T20:33:20","slug":"brand-i-byggnad-pa-norra-strandvagen-vastervik","status":"publish","type":"post","link":"https:\/\/www.europesays.com\/se\/122051\/","title":{"rendered":"Brand i byggnad p\u00e5 Norra Strandv\u00e4gen V\u00e4stervik"},"content":{"rendered":"<p>SOS Alarm fick larmet klockan 15.58 p\u00e5 tisdagen om en brand i en byggnad p\u00e5 Norra Strandv\u00e4gen i V\u00e4stervik. R\u00e4ddningstj\u00e4nsten ryckte ut med enheter f\u00f6r att hantera situationen.N\u00e4r styrkan kom fram till platsen var branden redan sl\u00e4ckt.Enligt ledningsoperat\u00f6ren ska det ha varit l\u00f6v som brunnit, inte sj\u00e4lva byggnaden.Inga personer skadades och insatsen kunde snabbt avslu<\/p>\n","protected":false},"excerpt":{"rendered":"SOS Alarm fick larmet klockan 15.58 p\u00e5 tisdagen om en brand i en byggnad p\u00e5 Norra Strandv\u00e4gen i&hellip;\n","protected":false},"author":2,"featured_media":41308,"comment_status":"","ping_status":"","sticky":false,"template":"","format":"standard","meta":{"footnotes":""},"categories":[5],"tags":[22,23,26,27,17,21,24,25,28,29,15,16,18,34,31,33,32,30,19,20],"class_list":{"0":"post-122051","1":"post","2":"type-post","3":"status-publish","4":"format-standard","5":"has-post-thumbnail","7":"category-rubriker","8":"tag-breaking-news","9":"tag-breakingnews","10":"tag-featured-news","11":"tag-featurednews","12":"tag-headlines","13":"tag-huvudnyheter","14":"tag-latest-news","15":"tag-latestnews","16":"tag-main-news","17":"tag-mainnews","18":"tag-news","19":"tag-nyheter","20":"tag-rubriker","21":"tag-se","22":"tag-svenska","23":"tag-sverige","24":"tag-sweden","25":"tag-swedish","26":"tag-top-stories","27":"tag-topstories"},"share_on_mastodon":{"url":"https:\/\/pubeurope.com\/@se\/115816091061005638","error":""},"_links":{"self":[{"href":"https:\/\/www.europesays.com\/se\/wp-json\/wp\/v2\/posts\/122051","targetHints":{"allow":["GET"]}}],"collection":[{"href":"https:\/\/www.europesays.com\/se\/wp-json\/wp\/v2\/posts"}],"about":[{"href":"https:\/\/www.europesays.com\/se\/wp-json\/wp\/v2\/types\/post"}],"author":[{"embeddable":true,"href":"https:\/\/www.europesays.com\/se\/wp-json\/wp\/v2\/users\/2"}],"replies":[{"embeddable":true,"href":"https:\/\/www.europesays.com\/se\/wp-json\/wp\/v2\/comments?post=122051"}],"version-history":[{"count":0,"href":"https:\/\/www.europesays.com\/se\/wp-json\/wp\/v2\/posts\/122051\/revisions"}],"wp:featuredmedia":[{"embeddable":true,"href":"https:\/\/www.europesays.com\/se\/wp-json\/wp\/v2\/media\/41308"}],"wp:attachment":[{"href":"https:\/\/www.europesays.com\/se\/wp-json\/wp\/v2\/media?parent=122051"}],"wp:term":[{"taxonomy":"category","embeddable":true,"href":"https:\/\/www.europesays.com\/se\/wp-json\/wp\/v2\/categories?post=122051"},{"taxonomy":"post_tag","embeddable":true,"href":"https:\/\/www.europesays.com\/se\/wp-json\/wp\/v2\/tags?post=122051"}],"curies":[{"name":"wp","href":"https:\/\/api.w.org\/{rel}","templated":true}]}}