{"id":122054,"date":"2025-12-31T20:41:06","date_gmt":"2025-12-31T20:41:06","guid":{"rendered":"https:\/\/www.europesays.com\/se\/122054\/"},"modified":"2025-12-31T20:41:06","modified_gmt":"2025-12-31T20:41:06","slug":"hektiskt-for-112-pa-nyarsafton","status":"publish","type":"post","link":"https:\/\/www.europesays.com\/se\/122054\/","title":{"rendered":"Hektiskt f\u00f6r 112 p\u00e5 ny\u00e5rsafton"},"content":{"rendered":"<p>\u201dDet ser likadant ut varje \u00e5r. N\u00e5gon timme f\u00f6re midnatt blir det en f\u00f6rdubbling av antalet samtal som vi f\u00e5r, och vid midnatt handlar det i delar av landet om en tredubbling j\u00e4mf\u00f6rt med en vanlig helg\u201d, s\u00e4ger Douglas Norstr\u00f6m, tillf\u00f6rordnad presschef vid SOS Alarm, i ett pressmeddelande.<\/p>\n<p>En vanlig helgkv\u00e4ll \u00e4r det cirka 3\u00a0200 samtal, men p\u00e5 ny\u00e5rsafton- och natten (fr\u00e5n 22 p\u00e5 kv\u00e4llen till 6 p\u00e5 morgonen) \u00e4r det omkring 8\u00a0000 samtal till 112.<\/p>\n<p>Av de samtalen bed\u00f6ms en tredjedel vara felsamtal fr\u00e5n m\u00e4nniskor som inte beh\u00f6ver hj\u00e4lp.<\/p>\n<p>\u201dAlla samtal hamnar i samma k\u00f6, vilket inneb\u00e4r att ett samtal om en sprutande vattenkran eller h\u00f6gljudda grannar kan stj\u00e4la tid fr\u00e5n n\u00e5gon med ett hj\u00e4rtstopp\u201d, s\u00e4ger Norstr\u00f6m.<\/p>\n","protected":false},"excerpt":{"rendered":"\u201dDet ser likadant ut varje \u00e5r. N\u00e5gon timme f\u00f6re midnatt blir det en f\u00f6rdubbling av antalet samtal som&hellip;\n","protected":false},"author":2,"featured_media":122055,"comment_status":"","ping_status":"","sticky":false,"template":"","format":"standard","meta":{"footnotes":""},"categories":[5],"tags":[22,23,26,27,17,21,24,25,28,29,15,16,18,34,31,33,32,30,19,20],"class_list":{"0":"post-122054","1":"post","2":"type-post","3":"status-publish","4":"format-standard","5":"has-post-thumbnail","7":"category-rubriker","8":"tag-breaking-news","9":"tag-breakingnews","10":"tag-featured-news","11":"tag-featurednews","12":"tag-headlines","13":"tag-huvudnyheter","14":"tag-latest-news","15":"tag-latestnews","16":"tag-main-news","17":"tag-mainnews","18":"tag-news","19":"tag-nyheter","20":"tag-rubriker","21":"tag-se","22":"tag-svenska","23":"tag-sverige","24":"tag-sweden","25":"tag-swedish","26":"tag-top-stories","27":"tag-topstories"},"share_on_mastodon":{"url":"https:\/\/pubeurope.com\/@se\/115816122473754627","error":""},"_links":{"self":[{"href":"https:\/\/www.europesays.com\/se\/wp-json\/wp\/v2\/posts\/122054","targetHints":{"allow":["GET"]}}],"collection":[{"href":"https:\/\/www.europesays.com\/se\/wp-json\/wp\/v2\/posts"}],"about":[{"href":"https:\/\/www.europesays.com\/se\/wp-json\/wp\/v2\/types\/post"}],"author":[{"embeddable":true,"href":"https:\/\/www.europesays.com\/se\/wp-json\/wp\/v2\/users\/2"}],"replies":[{"embeddable":true,"href":"https:\/\/www.europesays.com\/se\/wp-json\/wp\/v2\/comments?post=122054"}],"version-history":[{"count":0,"href":"https:\/\/www.europesays.com\/se\/wp-json\/wp\/v2\/posts\/122054\/revisions"}],"wp:featuredmedia":[{"embeddable":true,"href":"https:\/\/www.europesays.com\/se\/wp-json\/wp\/v2\/media\/122055"}],"wp:attachment":[{"href":"https:\/\/www.europesays.com\/se\/wp-json\/wp\/v2\/media?parent=122054"}],"wp:term":[{"taxonomy":"category","embeddable":true,"href":"https:\/\/www.europesays.com\/se\/wp-json\/wp\/v2\/categories?post=122054"},{"taxonomy":"post_tag","embeddable":true,"href":"https:\/\/www.europesays.com\/se\/wp-json\/wp\/v2\/tags?post=122054"}],"curies":[{"name":"wp","href":"https:\/\/api.w.org\/{rel}","templated":true}]}}