{"id":122058,"date":"2025-12-31T20:49:23","date_gmt":"2025-12-31T20:49:23","guid":{"rendered":"https:\/\/www.europesays.com\/se\/122058\/"},"modified":"2025-12-31T20:49:23","modified_gmt":"2025-12-31T20:49:23","slug":"nyarskaramell-3-sa-gick-2025-samt-vinnarna","status":"publish","type":"post","link":"https:\/\/www.europesays.com\/se\/122058\/","title":{"rendered":"Ny\u00e5rskaramell 3 &#8211; S\u00e5 gick 2025 samt vinnarna"},"content":{"rendered":"<p><strong>Det \u00e4r sen gammalt att i slutet av varje \u00e5r summera b\u00f6rs\u00e5ret samt blicka lite fram\u00e5t mot n\u00e4sta \u00e5r. I det h\u00e4r inl\u00e4gget presenterar jag dessutom vinnarna i min tidigare utlottning. Det h\u00e4r blir mitt sista renodlade aktieinl\u00e4gg f\u00f6r i \u00e5r.<\/strong><\/p>\n<p>Sedan vill jag p\u00e5minna dig om att \u00e4ven titta f\u00f6rbi p\u00e5 bloggen <strong>imorgon<\/strong>. Jag vet att ny\u00e5r f\u00f6r de flesta \u00e4r fullsmockad, men jag skulle verkligen uppskatta ifall du tog n\u00e5gon minut att l\u00e4sa morgondagens inl\u00e4gg. D\u00e5 har jag n\u00e4mligen v\u00e4ldigt viktiga saker att prata om.<\/p>\n<p>\u00a0<\/p>\n<p>S\u00e5, hur gick portf\u00f6ljen 2025<\/p>\n<p>2025 har l\u00e4nge k\u00e4nts som ett f\u00f6rlorat \u00e5r. D\u00e4rf\u00f6r blev jag lite f\u00f6rv\u00e5nad n\u00e4r jag tittar p\u00e5 Avanzas sammanst\u00e4llning att vi \u00e4r riktigt m\u00e5nga som underpresterat index med r\u00e5ge.<\/p>\n<p>\u00c5terigen handlar det om att OMXS30 \u00e4r enormt viktat mot bank och industri, tv\u00e5 sektorer som faktiskt g\u00e5tt ruggigt bra i \u00e5r.<\/p>\n<p><a href=\"https:\/\/www.europesays.com\/se\/wp-content\/uploads\/2025\/12\/utvsnittandra_dec2025.jpg\"><img fetchpriority=\"high\" decoding=\"async\" class=\"alignnone size-full wp-image-96273\" src=\"data:image\/svg+xml,%3Csvg%20xmlns=\" http:=\"\" alt=\"\" width=\"741\" height=\"461\" data-lazy- data-lazy- data-lazy-src=\"https:\/\/www.europesays.com\/se\/wp-content\/uploads\/2025\/12\/utvsnittandra_dec2025.jpg\"\/><\/a><\/p>\n<p>\u00c4r jag d\u00e5 n\u00f6jd med 2025?<\/p>\n<p>Allts\u00e5, b\u00e5de jag och nej. Jag \u00e4r grymt n\u00f6jd att jag v\u00e5gade tro p\u00e5 min filosofi och k\u00f6pa rej\u00e4lt n\u00e4r Trump kom till makten. Att k\u00f6pa p\u00e5 oro k\u00e4nner jag mig mycket mer bekv\u00e4m med idag \u00e4n n\u00e4r jag startade.<\/p>\n<p>Jag \u00e4r ocks\u00e5 n\u00f6jd att jag forts\u00e4tter satsa i bolag d\u00e4r marknaden tillf\u00e4lligt ser m\u00f6rka moln. AstraZeneca, Volvo och EQT \u00e4r lysande exempel.<\/p>\n<p>Sedan \u00e4r jag mindre n\u00f6jd att jag s\u00e5lde Lundin Mining p\u00e5 tok f\u00f6r tidigt, samt att jag var allt f\u00f6r tidigt in i Novo Nordisk under \u00e5ret. Dessutom har jag p\u00e5 kortare sikt haft fel om Evolution och Nibe. Annars \u00e4r jag riktigt n\u00f6jd med mina beslut och mest n\u00f6jd \u00e4r jag nog med min analys om h\u00f6gutdelaren Millicom som jag ocks\u00e5 tog in.<\/p>\n<p><a href=\"https:\/\/www.europesays.com\/se\/wp-content\/uploads\/2025\/12\/lundinmining251228.jpg\"><img loading=\"lazy\" decoding=\"async\" class=\"alignnone size-full wp-image-96305\" src=\"data:image\/svg+xml,%3Csvg%20xmlns=\" http:=\"\" alt=\"\" width=\"987\" height=\"688\" data-lazy- data-lazy- data-lazy-src=\"https:\/\/www.europesays.com\/se\/wp-content\/uploads\/2025\/12\/lundinmining251228.jpg\"\/><\/a><\/p>\n<p>\u00a0<\/p>\n<p>Trots allt forts\u00e4tter portf\u00f6ljen att ticka p\u00e5 upp\u00e5t. N\u00e4r pandemin slog till var portf\u00f6ljv\u00e4rdet 1,1 miljoner och nu ligger det p\u00e5 3,5 miljoner. Det st\u00f6rsta misstaget jag gjort under den h\u00e4r tiden var att ha allt f\u00f6r mycket vikt i fastighetssektorn, vilket blev en rej\u00e4l bromskloss.<\/p>\n<p><a href=\"https:\/\/www.europesays.com\/se\/wp-content\/uploads\/2025\/12\/portfvarde_dec2025.jpg\"><img loading=\"lazy\" decoding=\"async\" class=\"alignnone size-full wp-image-96267\" src=\"data:image\/svg+xml,%3Csvg%20xmlns=\" http:=\"\" alt=\"\" width=\"1797\" height=\"840\" data-lazy- data-lazy- data-lazy-src=\"https:\/\/www.europesays.com\/se\/wp-content\/uploads\/2025\/12\/portfvarde_dec2025.jpg\"\/><\/a><\/p>\n<p><a href=\"https:\/\/www.europesays.com\/se\/wp-content\/uploads\/2025\/12\/topp10_dec2025.jpg\"><img loading=\"lazy\" decoding=\"async\" aria-describedby=\"caption-attachment-96269\" class=\"wp-image-96269 size-full\" src=\"data:image\/svg+xml,%3Csvg%20xmlns=\" http:=\"\" alt=\"\" width=\"950\" height=\"538\" data-lazy- data-lazy- data-lazy-src=\"https:\/\/www.europesays.com\/se\/wp-content\/uploads\/2025\/12\/topp10_dec2025.jpg\"\/><\/a><\/p>\n<p id=\"caption-attachment-96269\" class=\"wp-caption-text\">Mina 10 st\u00f6rsta bolag i portf\u00f6ljen just nu<\/p>\n<p>Portf\u00f6ljen \u00e4r som vanligt uppdaterad och <a href=\"https:\/\/www.kronantillmiljonen.se\/portfolj-2025\/\" rel=\"nofollow noopener\" target=\"_blank\">den ser du h\u00e4r<\/a><\/p>\n<p>\u00a0<\/p>\n<p>10 000 varje m\u00e5nad<\/p>\n<p>Som jag n\u00e4mnt vid tidigare tillf\u00e4lle kom jag inte upp i \u00e5rets utdelningsm\u00e5l, och det \u00e4r faktiskt f\u00f6rsta g\u00e5ngen sedan pandemin. Hade inte Akelius D k\u00f6pts ut samt att inte Svolder justerat till kvartalsutdelning s\u00e5 hade jag faktiskt landat ganska exakt p\u00e5 m\u00e5let.<\/p>\n<p><a href=\"https:\/\/www.europesays.com\/se\/wp-content\/uploads\/2025\/12\/utdallaar_dec25-1.jpg\"><img loading=\"lazy\" decoding=\"async\" class=\"alignnone size-full wp-image-96270\" src=\"data:image\/svg+xml,%3Csvg%20xmlns=\" http:=\"\" alt=\"\" width=\"1996\" height=\"1337\" data-lazy- data-lazy- data-lazy-src=\"https:\/\/www.europesays.com\/se\/wp-content\/uploads\/2025\/12\/utdallaar_dec25-1.jpg\"\/><\/a><\/p>\n<p>\u00a0<\/p>\n<p>Det h\u00e4r \u00e4r f\u00f6rsta g\u00e5ngen som utdelningarna i snitt landar p\u00e5 10k varje m\u00e5nad. F\u00f6r vissa l\u00e5ter det mycket, f\u00f6r andra mindre. Sj\u00e4lv kan jag inspireras \u00f6ver att det blir v\u00e4ldigt stora summor att \u00e5terinvestera i nya aktier varje m\u00e5nad. Kassafl\u00f6det i portf\u00f6ljen \u00e4r helt klart v\u00e4ldigt p\u00e5tagligt just nu. Vid vissa tillf\u00e4llen n\u00e4r jag loggar in hos Avanza har jag blivit f\u00f6rv\u00e5nad att det finns s\u00e5 mycket att \u00e5terinvestera.<\/p>\n<p>Utdelningarna var dessutom st\u00f6rre varje m\u00e5nad \u00e4n mitt nysparande. Det \u00e4r ocks\u00e5 f\u00f6rsta g\u00e5ngen det sker. Ska vi summera utdelnings\u00e5ret 2025 s\u00e5 \u00e4r det faktiskt s\u00e5 att dessa st\u00e5tt f\u00f6r den st\u00f6rsta t\u00e5rtbiten av portf\u00f6ljens utveckling.<\/p>\n<p><a href=\"https:\/\/www.europesays.com\/se\/wp-content\/uploads\/2025\/12\/sparat_dec2025.jpg\"><img loading=\"lazy\" decoding=\"async\" class=\"alignnone size-full wp-image-96268\" src=\"data:image\/svg+xml,%3Csvg%20xmlns=\" http:=\"\" alt=\"\" width=\"596\" height=\"175\" data-lazy- data-lazy- data-lazy-src=\"https:\/\/www.europesays.com\/se\/wp-content\/uploads\/2025\/12\/sparat_dec2025.jpg\"\/><\/a><\/p>\n<p><a href=\"https:\/\/www.europesays.com\/se\/wp-content\/uploads\/2025\/12\/vardeforandring_dec2025.jpg\"><img loading=\"lazy\" decoding=\"async\" class=\"alignnone size-full wp-image-96274\" src=\"data:image\/svg+xml,%3Csvg%20xmlns=\" http:=\"\" alt=\"\" width=\"659\" height=\"694\" data-lazy- data-lazy- data-lazy-src=\"https:\/\/www.europesays.com\/se\/wp-content\/uploads\/2025\/12\/vardeforandring_dec2025.jpg\"\/><\/a><\/p>\n<p>\u00a0<\/p>\n<p>Det jag k\u00f6pt mest av<\/p>\n<p>V\u00e4ldigt unikt f\u00f6r 2025 \u00e4r att jag s\u00e5lt extrema m\u00e4ngder aktier. K\u00f6psumman \u00e4r givetvis fortsatt st\u00f6rst och p\u00e5verkas av b\u00e5de utdelningar och nysparande. Normalt brukar jag s\u00e4lja f\u00f6r mer \u00e4n 100k under ett enskilt \u00e5r, s\u00e5 att jag s\u00e5lt f\u00f6r en halv mille \u00e4r r\u00e4tt galet.<\/p>\n<p>Allt g\u00e5r enligt min strategi att <a href=\"https:\/\/www.kronantillmiljonen.se\/frihet\/frihetsportfoljen-lev-helt-eller-delvis-pa-utdelningar\/\" rel=\"nofollow noopener\" target=\"_blank\">v\u00e4xla om till en frihetsportf\u00f6lj<\/a>. Det arbetet kommer ta n\u00e5gra \u00e5r men jag kan \u00e4nd\u00e5 tycka att arbetet g\u00e5r fram\u00e5t.<\/p>\n<p><a href=\"https:\/\/www.europesays.com\/se\/wp-content\/uploads\/2025\/12\/koptsaltsumma_dec2025.jpg\"><img loading=\"lazy\" decoding=\"async\" class=\"alignnone size-full wp-image-96262\" src=\"data:image\/svg+xml,%3Csvg%20xmlns=\" http:=\"\" alt=\"\" width=\"547\" height=\"405\" data-lazy- data-lazy- data-lazy-src=\"https:\/\/www.europesays.com\/se\/wp-content\/uploads\/2025\/12\/koptsaltsumma_dec2025.jpg\"\/><\/a><\/p>\n<p>\u00a0<\/p>\n<p>Mest pengar landade i f\u00f6ljande 10 bolag<\/p>\n<tr>\nBolag<br \/>\nTotal k\u00f6psumma<br \/>\n<\/tr>\n<tr>\n<td style=\"width: 181.798px;\">Montrose Global Monthly<\/td>\n<td style=\"width: 207.022px;\">\u00a0\u00a0\u00a0\u00a0\u00a0\u00a0\u00a0\u00a0 83 919 kr<\/td>\n<\/tr>\n<tr>\n<td style=\"width: 181.798px;\">Solid F\u00f6rs\u00e4kring<\/td>\n<td style=\"width: 207.022px;\">\u00a0\u00a0\u00a0\u00a0\u00a0\u00a0\u00a0\u00a0 71 141 kr<\/td>\n<\/tr>\n<tr>\n<td style=\"width: 181.798px;\">Novo Nordisk B<\/td>\n<td style=\"width: 207.022px;\">\u00a0\u00a0\u00a0\u00a0\u00a0\u00a0\u00a0\u00a0 57 829 kr<\/td>\n<\/tr>\n<tr>\n<td style=\"width: 181.798px;\">Evolution<\/td>\n<td style=\"width: 207.022px;\">\u00a0\u00a0\u00a0\u00a0\u00a0\u00a0\u00a0\u00a0 41 762 kr<\/td>\n<\/tr>\n<tr>\n<td style=\"width: 181.798px;\">Millicom International Cellular<\/td>\n<td style=\"width: 207.022px;\">\u00a0\u00a0\u00a0\u00a0\u00a0\u00a0\u00a0\u00a0 40 357 kr<\/td>\n<\/tr>\n<tr>\n<td style=\"width: 181.798px;\">Volvo B<\/td>\n<td style=\"width: 207.022px;\">\u00a0\u00a0\u00a0\u00a0\u00a0\u00a0\u00a0\u00a0 36 415 kr<\/td>\n<\/tr>\n<tr>\n<td style=\"width: 181.798px;\">Aker BP<\/td>\n<td style=\"width: 207.022px;\">\u00a0\u00a0\u00a0\u00a0\u00a0\u00a0\u00a0\u00a0 29 558 kr<\/td>\n<\/tr>\n<tr>\n<td style=\"width: 181.798px;\">Latour B<\/td>\n<td style=\"width: 207.022px;\">\u00a0\u00a0\u00a0\u00a0\u00a0\u00a0\u00a0\u00a0 24 533 kr<\/td>\n<\/tr>\n<tr>\n<td style=\"width: 181.798px;\">Cibus Nordic Real Estate<\/td>\n<td style=\"width: 207.022px;\">\u00a0\u00a0\u00a0\u00a0\u00a0\u00a0\u00a0\u00a0 24 470 kr<\/td>\n<\/tr>\n<tr>\n<td style=\"width: 181.798px;\">XACT Nordic High Dividend<\/td>\n<td style=\"width: 207.022px;\">\u00a0\u00a0\u00a0\u00a0\u00a0\u00a0\u00a0\u00a0 23 770 kr<\/td>\n<\/tr>\n<p>\u00a0<\/p>\n<p>Vad kommer g\u00e5 bra n\u00e4sta \u00e5r<\/p>\n<p>Om jag tittar i kristallkulan som visar n\u00e4sta \u00e5r s\u00e5 blir det sm\u00e5bolagens \u00e5r. H\u00e4r \u00e4r jag sj\u00e4lv exponerad mot sektorn via <a href=\"https:\/\/www.kronantillmiljonen.se\/rorande-bolagen\/svolder-utses-till-veckans-aktie\/\" rel=\"nofollow noopener\" target=\"_blank\">Svolder<\/a> och det \u00e4r bolaget jag tror kommer g\u00f6ra den b\u00e4sta procentuella utvecklingen i min egna portf\u00f6lj.<\/p>\n<p>Sedan tror jag att fastighetsbolagens \u00e5r blir 2026. Jag vet att jag sa samma sak om 2025 och d\u00e5 hade jag fel \ud83d\ude42 Nu kommer de l\u00e4gre r\u00e4ntorna faktiskt visa positivt genomslag i fastighetsbolagens rapporter och d\u00e5 l\u00e4r marknaden st\u00e4lla in sitt sikte dit.<\/p>\n<p>Betingbolagen tror jag ocks\u00e5 kommer g\u00e5 bra, tack vare fotbolls-VM och andra event.<\/p>\n<p>Om jag tittar i min egna portf\u00f6lj tror jag att f\u00f6ljande bolag kommer ge b\u00e4st procentuell utveckling 2026.<\/p>\n<p>Givetvis kan jag ha helt fel. Kanske blir det skogssektorn som drar n\u00e4sta \u00e5r om nybyggnationen b\u00f6rjar rulla igen. Kanske blir det n\u00e5got helt annat.<\/p>\n<p>\u00a0<\/p>\n<p>Slutligen vinnarna<\/p>\n<p><a href=\"https:\/\/www.europesays.com\/se\/wp-content\/uploads\/2025\/12\/pokal-vinnare-winner.jpg\"><img loading=\"lazy\" decoding=\"async\" class=\"alignnone wp-image-64027\" src=\"data:image\/svg+xml,%3Csvg%20xmlns=\" http:=\"\" alt=\"\" width=\"217\" height=\"234\" data-lazy-src=\"https:\/\/www.europesays.com\/se\/wp-content\/uploads\/2025\/12\/pokal-vinnare-winner.jpg\"\/><\/a><\/p>\n<p>Ett stort tack till alla som var med i \u00e5rets utlottning. Det blev faktiskt rekordm\u00e5nga \ud83d\ude42<\/p>\n<p>Tv\u00e5 vinnare drogs och det blev:<\/p>\n<p><strong>hog.j*****1978@hotmail.com\u00a0<\/strong> (l\u00e4ser du detta f\u00e5r du g\u00e4rna kolla din skr\u00e4ppost i mailen)<br \/><strong>flenn****@gmail.com<\/strong> (l\u00e4ser du detta f\u00e5r du g\u00e4rna kolla din skr\u00e4ppost i mailen)<\/p>\n<p>Stort grattis!<\/p>\n<p>Hoppas ni alla f\u00e5r ett riktigt gott slut p\u00e5 det gamla \u00e5ret och en bra start p\u00e5 det nya! God utdelning p\u00e5 er!<\/p>\n","protected":false},"excerpt":{"rendered":"Det \u00e4r sen gammalt att i slutet av varje \u00e5r summera b\u00f6rs\u00e5ret samt blicka lite fram\u00e5t mot n\u00e4sta&hellip;\n","protected":false},"author":2,"featured_media":122059,"comment_status":"","ping_status":"","sticky":false,"template":"","format":"standard","meta":{"footnotes":""},"categories":[5],"tags":[22,23,26,27,17,21,24,25,28,29,15,16,18,34,31,33,32,30,19,20],"class_list":{"0":"post-122058","1":"post","2":"type-post","3":"status-publish","4":"format-standard","5":"has-post-thumbnail","7":"category-rubriker","8":"tag-breaking-news","9":"tag-breakingnews","10":"tag-featured-news","11":"tag-featurednews","12":"tag-headlines","13":"tag-huvudnyheter","14":"tag-latest-news","15":"tag-latestnews","16":"tag-main-news","17":"tag-mainnews","18":"tag-news","19":"tag-nyheter","20":"tag-rubriker","21":"tag-se","22":"tag-svenska","23":"tag-sverige","24":"tag-sweden","25":"tag-swedish","26":"tag-top-stories","27":"tag-topstories"},"share_on_mastodon":{"url":"https:\/\/pubeurope.com\/@se\/115816153875971253","error":""},"_links":{"self":[{"href":"https:\/\/www.europesays.com\/se\/wp-json\/wp\/v2\/posts\/122058","targetHints":{"allow":["GET"]}}],"collection":[{"href":"https:\/\/www.europesays.com\/se\/wp-json\/wp\/v2\/posts"}],"about":[{"href":"https:\/\/www.europesays.com\/se\/wp-json\/wp\/v2\/types\/post"}],"author":[{"embeddable":true,"href":"https:\/\/www.europesays.com\/se\/wp-json\/wp\/v2\/users\/2"}],"replies":[{"embeddable":true,"href":"https:\/\/www.europesays.com\/se\/wp-json\/wp\/v2\/comments?post=122058"}],"version-history":[{"count":0,"href":"https:\/\/www.europesays.com\/se\/wp-json\/wp\/v2\/posts\/122058\/revisions"}],"wp:featuredmedia":[{"embeddable":true,"href":"https:\/\/www.europesays.com\/se\/wp-json\/wp\/v2\/media\/122059"}],"wp:attachment":[{"href":"https:\/\/www.europesays.com\/se\/wp-json\/wp\/v2\/media?parent=122058"}],"wp:term":[{"taxonomy":"category","embeddable":true,"href":"https:\/\/www.europesays.com\/se\/wp-json\/wp\/v2\/categories?post=122058"},{"taxonomy":"post_tag","embeddable":true,"href":"https:\/\/www.europesays.com\/se\/wp-json\/wp\/v2\/tags?post=122058"}],"curies":[{"name":"wp","href":"https:\/\/api.w.org\/{rel}","templated":true}]}}