{"id":122060,"date":"2025-12-31T20:51:07","date_gmt":"2025-12-31T20:51:07","guid":{"rendered":"https:\/\/www.europesays.com\/se\/122060\/"},"modified":"2025-12-31T20:51:07","modified_gmt":"2025-12-31T20:51:07","slug":"masireh-jadama-utlamnad-till-sverige-allsvenskan","status":"publish","type":"post","link":"https:\/\/www.europesays.com\/se\/122060\/","title":{"rendered":"Masireh Jadama utl\u00e4mnad till Sverige | Allsvenskan"},"content":{"rendered":"<p>Publicerad 31 dec 2025 kl 17.50Uppdaterad kl 18.40<\/p>\n<p>Masireh Jadama, 42, har varit internationellt efterlyst av svenska myndigheter \u2013 men nu har han utl\u00e4mnats till Sverige.<\/p>\n<p>P\u00e5 ny\u00e5rsafton anl\u00e4nde fotbollsagenten till Arlanda flygplats, uppger <a href=\"https:\/\/www.gp.se\/sport\/fotboll\/masireh-jadama-utlamnad-till-sverige-anlant-till-arlanda.01045737-fb3d-48cd-9eea-ffc49a2add39\" rel=\"nofollow noopener\" target=\"_blank\">GP<\/a>.<\/p>\n<p><img   alt=\"\"\/><\/p>\n<p>Masireh Jadama.<\/p>\n<p>Foto: ANDERS LJUNGBERG \/ SVERIGES RADIO<\/p>\n<p>\u00d6ppna bild i helsk\u00e4rm<\/p>\n<p>Den misst\u00e4nkta ekobrottsh\u00e4rvan runt Masireh Jadama har vuxit under h\u00f6sten.<\/p>\n<p>Fotbollsagenten, <a href=\"https:\/\/www.expressen.se\/sport\/fotboll\/masireh-jadama-gripen-i-osterrike-\/\" rel=\"nofollow noopener\" target=\"_blank\">som i oktober greps i Wien<\/a>, \u00e4r misst\u00e4nkt f\u00f6r grovt penningtv\u00e4ttsbrott och tre fall av grovt bokf\u00f6ringsbrott. Han nekar till brott.<\/p>\n<p>\u2013 Vi kommer att arbeta f\u00f6r att han \u00f6verl\u00e4mnas till Sverige, sa Ekobrottsmyndighetens chefs\u00e5klagare Henric Fagher till Expressen i oktober.\u00a0<\/p>\n<p>Sedan han greps har Jadama varit h\u00e4ktad i sin utevaro av G\u00f6teborgs tingsr\u00e4tt.\u00a0<\/p>\n<p>Anl\u00e4nde till Arlanda flygplats<\/p>\n<p>Nu har han utl\u00e4mnats till Sverige och under onsdagen anl\u00e4nde han till Arlanda flygplats, enligt <a href=\"https:\/\/www.gp.se\/sport\/fotboll\/masireh-jadama-utlamnad-till-sverige-anlant-till-arlanda.01045737-fb3d-48cd-9eea-ffc49a2add39\" rel=\"nofollow noopener\" target=\"_blank\">GP<\/a>.<\/p>\n<p>Henric Fagher bekr\u00e4ftar f\u00f6r tidningen att agenten har l\u00e4mnats ut av \u00f6sterrikiska myndigheter och att han p\u00e5 ny\u00e5rsaftonen anl\u00e4nde till Sverige, men vill inte ge n\u00e5gra ytterligare kommentarer.<\/p>\n<p>Inom kort v\u00e4ntar en h\u00e4ktningsf\u00f6rhandling i G\u00f6teborgs tingsr\u00e4tt f\u00f6r Masireh Jadama.<\/p>\n<p><strong>L\u00c4S MER: <\/strong><a href=\"https:\/\/www.expressen.se\/sport\/fotboll\/misstankt-man-forsatt-pa-fri-fot-i-harvan-runt-jadama-\/\" class=\"\" rel=\"nofollow noopener\" target=\"_blank\">Misst\u00e4nkt man f\u00f6rsatt p\u00e5 fri fot i h\u00e4rvan runt Jadama<\/a><strong>L\u00c4S MER: <\/strong><a href=\"https:\/\/www.expressen.se\/sport\/fotboll\/haktade-agenten-masireh-jadama-uppges-halla-sig-undan\/\" class=\"\" rel=\"nofollow noopener\" target=\"_blank\">H\u00e4ktade agenten Masireh Jadama uppges h\u00e5lla sig undan<\/a><strong>L\u00c4S MER: <\/strong><a href=\"https:\/\/www.expressen.se\/sport\/fotboll\/alexander-isaks-ord-om-brottsmisstankte-agenten\/\" class=\"\" rel=\"nofollow noopener\" target=\"_blank\">Alexander Isaks ord om brottsmisst\u00e4nkte agenten<\/a><\/p>\n","protected":false},"excerpt":{"rendered":"Publicerad 31 dec 2025 kl 17.50Uppdaterad kl 18.40 Masireh Jadama, 42, har varit internationellt efterlyst av svenska myndigheter&hellip;\n","protected":false},"author":2,"featured_media":122061,"comment_status":"","ping_status":"","sticky":false,"template":"","format":"standard","meta":{"footnotes":""},"categories":[68],"tags":[555,34,130,129,111,110,31,33,32,30],"class_list":{"0":"post-122060","1":"post","2":"type-post","3":"status-publish","4":"format-standard","5":"has-post-thumbnail","7":"category-sport","8":"tag-organization-allsvenskan","9":"tag-se","10":"tag-sections-allsvenskan","11":"tag-sections-fotboll","12":"tag-sport","13":"tag-sports","14":"tag-svenska","15":"tag-sverige","16":"tag-sweden","17":"tag-swedish"},"share_on_mastodon":{"url":"https:\/\/pubeurope.com\/@se\/115816161841314248","error":""},"_links":{"self":[{"href":"https:\/\/www.europesays.com\/se\/wp-json\/wp\/v2\/posts\/122060","targetHints":{"allow":["GET"]}}],"collection":[{"href":"https:\/\/www.europesays.com\/se\/wp-json\/wp\/v2\/posts"}],"about":[{"href":"https:\/\/www.europesays.com\/se\/wp-json\/wp\/v2\/types\/post"}],"author":[{"embeddable":true,"href":"https:\/\/www.europesays.com\/se\/wp-json\/wp\/v2\/users\/2"}],"replies":[{"embeddable":true,"href":"https:\/\/www.europesays.com\/se\/wp-json\/wp\/v2\/comments?post=122060"}],"version-history":[{"count":0,"href":"https:\/\/www.europesays.com\/se\/wp-json\/wp\/v2\/posts\/122060\/revisions"}],"wp:featuredmedia":[{"embeddable":true,"href":"https:\/\/www.europesays.com\/se\/wp-json\/wp\/v2\/media\/122061"}],"wp:attachment":[{"href":"https:\/\/www.europesays.com\/se\/wp-json\/wp\/v2\/media?parent=122060"}],"wp:term":[{"taxonomy":"category","embeddable":true,"href":"https:\/\/www.europesays.com\/se\/wp-json\/wp\/v2\/categories?post=122060"},{"taxonomy":"post_tag","embeddable":true,"href":"https:\/\/www.europesays.com\/se\/wp-json\/wp\/v2\/tags?post=122060"}],"curies":[{"name":"wp","href":"https:\/\/api.w.org\/{rel}","templated":true}]}}