{"id":122066,"date":"2025-12-31T20:57:07","date_gmt":"2025-12-31T20:57:07","guid":{"rendered":"https:\/\/www.europesays.com\/se\/122066\/"},"modified":"2025-12-31T20:57:07","modified_gmt":"2025-12-31T20:57:07","slug":"kanadas-os-trupp-i-siffror-nhl-com-sv","status":"publish","type":"post","link":"https:\/\/www.europesays.com\/se\/122066\/","title":{"rendered":"Kanadas OS-trupp i siffror | NHL.com\/sv"},"content":{"rendered":"<p>Kanada \u00e5ker till Vinter-OS i Milano Cortina 2026 med ett slagkraftigt lag som inneh\u00e5ller b\u00e5de rutin, spets och bredd.<\/p>\n<p>Den kanadensiska truppen sl\u00e4pptes under ny\u00e5rsafton, och inneh\u00f6ll 19 spelare som deltog i 4 Nations Face-Off. En av nykomlingarna i truppen \u00e4r 19-\u00e5rige Macklin Celebrini (San Jose Sharks) som efter en imponerande f\u00f6rsta halva av s\u00e4songen tog en av platserna.<\/p>\n<p>Celebrini kan bli den yngsta spelare att kliva ut p\u00e5 isen f\u00f6r Kanada i OS-hockeysammanghang (i turneringar med NHL-spelare). Det tidigare rekordet innehas av Drew Doughty som var 20 \u00e5r och 70 dagar n\u00e4r Kanada spelade deras inledande match i OS 2010.<\/p>\n<p>Sidney Crosby, som \u00e4r Kanadas f\u00f6rmodade lagkapten, kan komma att bli den tredje spelaren att representera Kanada i OS vid 38 \u00e5rs \u00e5lder bakom Martin St. Louis 2014 (38 \u00e5r och 250 dagar) och Al MacInnis 2002 (38 \u00e5r och 228 dagar).<\/p>\n<p>Nedan f\u00f6ljer en titt p\u00e5 Kanadas trupp i siffror fr\u00e5n NHL Stats.<\/p>\n<p>NHL-spelare: 25 av 25.<\/p>\n<p>Representerade NHL-klubbar: 15.<\/p>\n<p>NHL-erfarenhet: 16 463 spelade matcher; 4 627 m\u00e5l; 8 249 assist; 12 876 po\u00e4ng, 501 vinster (m\u00e5lvakter).<\/p>\n<p>NHL-statistik 2025-26: 854 spelade matcher; 279 m\u00e5l; 465 assist; 744 po\u00e4ng; 32 vinster (m\u00e5lvakter).<\/p>\n<p>F\u00f6rstag\u00e5ngsolympier: 23.<\/p>\n<p>\u00c5terv\u00e4ndande spelare fr\u00e5n 2014 (senaste OS med NHL-spelare): 2 \u2013 Sidney Crosby (Pittsburgh Penguins) och Drew Doughty (Los Angeles Kings).<\/p>\n","protected":false},"excerpt":{"rendered":"Kanada \u00e5ker till Vinter-OS i Milano Cortina 2026 med ett slagkraftigt lag som inneh\u00e5ller b\u00e5de rutin, spets och&hellip;\n","protected":false},"author":2,"featured_media":122067,"comment_status":"","ping_status":"","sticky":false,"template":"","format":"standard","meta":{"footnotes":""},"categories":[5],"tags":[22,23,26,27,17,21,24,25,28,29,15,16,18,34,31,33,32,30,19,20],"class_list":{"0":"post-122066","1":"post","2":"type-post","3":"status-publish","4":"format-standard","5":"has-post-thumbnail","7":"category-rubriker","8":"tag-breaking-news","9":"tag-breakingnews","10":"tag-featured-news","11":"tag-featurednews","12":"tag-headlines","13":"tag-huvudnyheter","14":"tag-latest-news","15":"tag-latestnews","16":"tag-main-news","17":"tag-mainnews","18":"tag-news","19":"tag-nyheter","20":"tag-rubriker","21":"tag-se","22":"tag-svenska","23":"tag-sverige","24":"tag-sweden","25":"tag-swedish","26":"tag-top-stories","27":"tag-topstories"},"share_on_mastodon":{"url":"https:\/\/pubeurope.com\/@se\/115816185358644891","error":""},"_links":{"self":[{"href":"https:\/\/www.europesays.com\/se\/wp-json\/wp\/v2\/posts\/122066","targetHints":{"allow":["GET"]}}],"collection":[{"href":"https:\/\/www.europesays.com\/se\/wp-json\/wp\/v2\/posts"}],"about":[{"href":"https:\/\/www.europesays.com\/se\/wp-json\/wp\/v2\/types\/post"}],"author":[{"embeddable":true,"href":"https:\/\/www.europesays.com\/se\/wp-json\/wp\/v2\/users\/2"}],"replies":[{"embeddable":true,"href":"https:\/\/www.europesays.com\/se\/wp-json\/wp\/v2\/comments?post=122066"}],"version-history":[{"count":0,"href":"https:\/\/www.europesays.com\/se\/wp-json\/wp\/v2\/posts\/122066\/revisions"}],"wp:featuredmedia":[{"embeddable":true,"href":"https:\/\/www.europesays.com\/se\/wp-json\/wp\/v2\/media\/122067"}],"wp:attachment":[{"href":"https:\/\/www.europesays.com\/se\/wp-json\/wp\/v2\/media?parent=122066"}],"wp:term":[{"taxonomy":"category","embeddable":true,"href":"https:\/\/www.europesays.com\/se\/wp-json\/wp\/v2\/categories?post=122066"},{"taxonomy":"post_tag","embeddable":true,"href":"https:\/\/www.europesays.com\/se\/wp-json\/wp\/v2\/tags?post=122066"}],"curies":[{"name":"wp","href":"https:\/\/api.w.org\/{rel}","templated":true}]}}