{"id":122072,"date":"2025-12-31T21:03:07","date_gmt":"2025-12-31T21:03:07","guid":{"rendered":"https:\/\/www.europesays.com\/se\/122072\/"},"modified":"2025-12-31T21:03:07","modified_gmt":"2025-12-31T21:03:07","slug":"slarvigt-malad-rysk-flagga-pa-fartyget-som-usa-jagar","status":"publish","type":"post","link":"https:\/\/www.europesays.com\/se\/122072\/","title":{"rendered":"Slarvigt m\u00e5lad rysk flagga p\u00e5 fartyget som USA jagar"},"content":{"rendered":"<p>N\u00e5gon eller n\u00e5gra ur bes\u00e4ttningen p\u00e5 oljetankern Bella 1, som USA:s kustbevakning har f\u00f6ljt efter i snart tv\u00e5 veckor, har m\u00e5lat dit en rysk flagga p\u00e5 fartygets skrov. Det uppger k\u00e4llor f\u00f6r New York Times och CNN. <\/p>\n<p>Flaggan uppges vara slarvigt m\u00e5lad och tolkas som ett s\u00e4tt f\u00f6r bes\u00e4ttningen att h\u00e4vda att den har ryskt beskydd. Det kan komplicera USA:s ambitioner att borda och beslagta fartyget, skriver CNN. Amerikanska myndigheter har tidigare uppgett att Bella 1 saknar giltig registrering. <\/p>\n<p>Fartyget \u00e4r sanktionsbelagt f\u00f6r att ha fraktat iransk olja. USA tror inte l\u00e4ngre att det kommer \u00e5terv\u00e4nda till Venezuela, d\u00e4r jakten inleddes, och kan enligt k\u00e4llorna ge upp f\u00f6rs\u00f6ken. <\/p>\n<p>Omni \u00e4r politiskt obundna och oberoende. Vi str\u00e4var efter att ge fler perspektiv p\u00e5 nyheterna. Har du fr\u00e5gor eller synpunkter kring v\u00e5r rapportering? <a href=\"https:\/\/omni.se\/slarvigt-malad-rysk-flagga-pa-fartyget-som-usa-jagar\/a\/mailto:redaktion@omni.se\" class=\"ArticleActions_contactLink__W2F1M\" rel=\"nofollow noopener\" target=\"_blank\">Kontakta redaktionen<\/a><\/p>\n","protected":false},"excerpt":{"rendered":"N\u00e5gon eller n\u00e5gra ur bes\u00e4ttningen p\u00e5 oljetankern Bella 1, som USA:s kustbevakning har f\u00f6ljt efter i snart tv\u00e5&hellip;\n","protected":false},"author":2,"featured_media":122073,"comment_status":"","ping_status":"","sticky":false,"template":"","format":"standard","meta":{"footnotes":""},"categories":[14],"tags":[387,420,22,23,385,291,26,27,17,21,549,12642,24,25,708,28,29,15,268,16,18,264,34,31,33,32,30,19,20,386,74,51,2545,52,53,54],"class_list":{"0":"post-122072","1":"post","2":"type-post","3":"status-publish","4":"format-standard","5":"has-post-thumbnail","7":"category-varlden","8":"tag-amerikansk-politik","9":"tag-asien","10":"tag-breaking-news","11":"tag-breakingnews","12":"tag-donald-trump","13":"tag-energi-ravaror","14":"tag-featured-news","15":"tag-featurednews","16":"tag-headlines","17":"tag-huvudnyheter","18":"tag-kina","19":"tag-kuba","20":"tag-latest-news","21":"tag-latestnews","22":"tag-latinamerika","23":"tag-main-news","24":"tag-mainnews","25":"tag-news","26":"tag-nordamerika","27":"tag-nyheter","28":"tag-rubriker","29":"tag-ryssland","30":"tag-se","31":"tag-svenska","32":"tag-sverige","33":"tag-sweden","34":"tag-swedish","35":"tag-top-stories","36":"tag-topstories","37":"tag-trumps-usa","38":"tag-usa","39":"tag-varlden","40":"tag-venezuela","41":"tag-world","42":"tag-world-news","43":"tag-worldnews"},"share_on_mastodon":{"url":"https:\/\/pubeurope.com\/@se\/115816209000267500","error":""},"_links":{"self":[{"href":"https:\/\/www.europesays.com\/se\/wp-json\/wp\/v2\/posts\/122072","targetHints":{"allow":["GET"]}}],"collection":[{"href":"https:\/\/www.europesays.com\/se\/wp-json\/wp\/v2\/posts"}],"about":[{"href":"https:\/\/www.europesays.com\/se\/wp-json\/wp\/v2\/types\/post"}],"author":[{"embeddable":true,"href":"https:\/\/www.europesays.com\/se\/wp-json\/wp\/v2\/users\/2"}],"replies":[{"embeddable":true,"href":"https:\/\/www.europesays.com\/se\/wp-json\/wp\/v2\/comments?post=122072"}],"version-history":[{"count":0,"href":"https:\/\/www.europesays.com\/se\/wp-json\/wp\/v2\/posts\/122072\/revisions"}],"wp:featuredmedia":[{"embeddable":true,"href":"https:\/\/www.europesays.com\/se\/wp-json\/wp\/v2\/media\/122073"}],"wp:attachment":[{"href":"https:\/\/www.europesays.com\/se\/wp-json\/wp\/v2\/media?parent=122072"}],"wp:term":[{"taxonomy":"category","embeddable":true,"href":"https:\/\/www.europesays.com\/se\/wp-json\/wp\/v2\/categories?post=122072"},{"taxonomy":"post_tag","embeddable":true,"href":"https:\/\/www.europesays.com\/se\/wp-json\/wp\/v2\/tags?post=122072"}],"curies":[{"name":"wp","href":"https:\/\/api.w.org\/{rel}","templated":true}]}}