{"id":122074,"date":"2025-12-31T21:04:11","date_gmt":"2025-12-31T21:04:11","guid":{"rendered":"https:\/\/www.europesays.com\/se\/122074\/"},"modified":"2025-12-31T21:04:11","modified_gmt":"2025-12-31T21:04:11","slug":"folkfest-pa-allmanhetens-akning-skillingaryd","status":"publish","type":"post","link":"https:\/\/www.europesays.com\/se\/122074\/","title":{"rendered":"Folkfest p\u00e5 allm\u00e4nhetens \u00e5kning &#8211; Skillingaryd"},"content":{"rendered":"<p>Att allm\u00e4nhetens \u00e5kning p\u00e5 idrottsplatsen i Vaggeryd \u00e4r popul\u00e4rt \u00e4r det ingen tvekan om. Den h\u00e4r ny\u00e5rsaftonen kanske man kan tala om rekord i antalet bes\u00f6kare. Omkring 400 personer var h\u00e4r f\u00f6r att \u00e5ka skridskor, \u00e4ta grillat och umg\u00e5s ute i det fria.<\/p>\n<p>Sandra Bonivart \u00e4r h\u00e4r med sina tv\u00e5 barn, deras kusiner och v\u00e4nner. Ett bra tillf\u00e4lle som man inte f\u00e5r missa menar hon:<\/p>\n<p>\u2013 Det \u00e4r j\u00e4ttekul att det kommer s\u00e5 mycket folk n\u00e4r de anordnar detta. Det brukar vara popul\u00e4rt att komma hit och \u00e5ka skridskor den h\u00e4r dagen och vi brukar komma hit, s\u00e4ger Sandra.<\/p>\n<p>Matilda Br\u00e4nnstr\u00f6m \u00e4r h\u00e4r f\u00f6r f\u00f6rsta g\u00e5ngen och blev positivt \u00f6verraskad:<\/p>\n<p>\u2013 Jag trodde inte att det skulle vara s\u00e5 mycket folk h\u00e4r, det \u00e4r j\u00e4ttekul!<\/p>\n<p>Caroline Agrell h\u00e5ller med:<\/p>\n<p>\u2013 Ja! Och det \u00e4r sk\u00f6nt att komma ut i friska luften.<\/p>\n<p>Vid grillen grillas det hamburgare f\u00f6r fulla muggar. Det \u00e4r snart middagsdags och man f\u00f6rv\u00e4ntar s\u00e4lja en hel del hamburgare i dag n\u00e4r det \u00e4r s\u00e5 m\u00e5nga som \u00e4r h\u00e4r.<\/p>\n<p>\u2013 Det m\u00e5ste vara 300\u2013400 personer h\u00e4r, och m\u00e5nga har redan g\u00e5tt, det kommer nya ocks\u00e5 hela tiden. Vid 13-tiden kommer nog folk att vilja k\u00f6pa hamburgare. Det \u00e4r d\u00e5 alla Skillingarydsbor och Vaggerydsbor \u00e4ter middag, s\u00e4ger Rickard Haegerstam.<\/p>\n<p>M\u00e5nga har ocks\u00e5 passat p\u00e5 att slipa sina skridskor d\u00e5 det erbjuds skridskoslipning i dag.<\/p>\n<p>\u2013 I dag har skridskoslipen g\u00e5tt bra, s\u00e4ger Mats Westroth.<\/p>\n<p>\u00a0<\/p>\n","protected":false},"excerpt":{"rendered":"Att allm\u00e4nhetens \u00e5kning p\u00e5 idrottsplatsen i Vaggeryd \u00e4r popul\u00e4rt \u00e4r det ingen tvekan om. Den h\u00e4r ny\u00e5rsaftonen kanske&hellip;\n","protected":false},"author":2,"featured_media":122075,"comment_status":"","ping_status":"","sticky":false,"template":"","format":"standard","meta":{"footnotes":""},"categories":[12],"tags":[22,23,26,27,17,21,24,25,28,29,15,16,18,34,31,33,32,30,19,20],"class_list":{"0":"post-122074","1":"post","2":"type-post","3":"status-publish","4":"format-standard","5":"has-post-thumbnail","7":"category-sverige","8":"tag-breaking-news","9":"tag-breakingnews","10":"tag-featured-news","11":"tag-featurednews","12":"tag-headlines","13":"tag-huvudnyheter","14":"tag-latest-news","15":"tag-latestnews","16":"tag-main-news","17":"tag-mainnews","18":"tag-news","19":"tag-nyheter","20":"tag-rubriker","21":"tag-se","22":"tag-svenska","23":"tag-sverige","24":"tag-sweden","25":"tag-swedish","26":"tag-top-stories","27":"tag-topstories"},"share_on_mastodon":{"url":"https:\/\/pubeurope.com\/@se\/115816212911385791","error":""},"_links":{"self":[{"href":"https:\/\/www.europesays.com\/se\/wp-json\/wp\/v2\/posts\/122074","targetHints":{"allow":["GET"]}}],"collection":[{"href":"https:\/\/www.europesays.com\/se\/wp-json\/wp\/v2\/posts"}],"about":[{"href":"https:\/\/www.europesays.com\/se\/wp-json\/wp\/v2\/types\/post"}],"author":[{"embeddable":true,"href":"https:\/\/www.europesays.com\/se\/wp-json\/wp\/v2\/users\/2"}],"replies":[{"embeddable":true,"href":"https:\/\/www.europesays.com\/se\/wp-json\/wp\/v2\/comments?post=122074"}],"version-history":[{"count":0,"href":"https:\/\/www.europesays.com\/se\/wp-json\/wp\/v2\/posts\/122074\/revisions"}],"wp:featuredmedia":[{"embeddable":true,"href":"https:\/\/www.europesays.com\/se\/wp-json\/wp\/v2\/media\/122075"}],"wp:attachment":[{"href":"https:\/\/www.europesays.com\/se\/wp-json\/wp\/v2\/media?parent=122074"}],"wp:term":[{"taxonomy":"category","embeddable":true,"href":"https:\/\/www.europesays.com\/se\/wp-json\/wp\/v2\/categories?post=122074"},{"taxonomy":"post_tag","embeddable":true,"href":"https:\/\/www.europesays.com\/se\/wp-json\/wp\/v2\/tags?post=122074"}],"curies":[{"name":"wp","href":"https:\/\/api.w.org\/{rel}","templated":true}]}}