{"id":122080,"date":"2025-12-31T21:12:14","date_gmt":"2025-12-31T21:12:14","guid":{"rendered":"https:\/\/www.europesays.com\/se\/122080\/"},"modified":"2025-12-31T21:12:14","modified_gmt":"2025-12-31T21:12:14","slug":"smhi-varnar-plostlig-ishalka-skillingaryd","status":"publish","type":"post","link":"https:\/\/www.europesays.com\/se\/122080\/","title":{"rendered":"SMHI varnar: pl\u00f6stlig ishalka &#8211; Skillingaryd"},"content":{"rendered":"<p>Stora delar av G\u00f6taland samt sydv\u00e4stligaste Svealand v\u00e4ntar under\u00a0torsdagen regn p\u00e5 kalla v\u00e4gar, med ishalka som f\u00f6ljd. Det v\u00e4ntas redan i natt vid tv\u00e5-tiden och halkan f\u00f6rmodas h\u00e5lla i sig tills p\u00e5 eftermiddagen i morgon.<\/p>\n<p>SMHI g\u00e5r d\u00e4rf\u00f6r ut med en varning:<\/p>\n<ul>\n<li>K\u00f6r f\u00f6rsiktigt och anpassa hastigheten till v\u00e4glaget. Avs\u00e4tt l\u00e4ngre tid f\u00f6r din resa.<\/li>\n<li>Det finns risk f\u00f6r f\u00f6rseningar eller inst\u00e4llda avg\u00e5ngar i kollektivtrafiken.<\/li>\n<\/ul>\n<p>Under natten mot torsdag drar regn in v\u00e4sterifr\u00e5n som kan falla p\u00e5 kalla v\u00e4gar och ge problem med halka. Regnet f\u00f6ljs av n\u00e5got stigande temperatur, fr\u00e4mst l\u00e4ngs kusterna. Under eftermiddagen mattas regnet av.<\/p>\n<p>Det \u00e4r os\u00e4kert hur stor del av nederb\u00f6rden faller som sn\u00f6, fr\u00e4mst \u00f6ver h\u00f6glandet. Regnet f\u00f6ljs ocks\u00e5 av kallare luft under natten, vilket kan ge problem med \u00e5terfrysning. S\u00e5 skriver SMHI p\u00e5 sin hemsida.<\/p>\n","protected":false},"excerpt":{"rendered":"Stora delar av G\u00f6taland samt sydv\u00e4stligaste Svealand v\u00e4ntar under\u00a0torsdagen regn p\u00e5 kalla v\u00e4gar, med ishalka som f\u00f6ljd. Det&hellip;\n","protected":false},"author":2,"featured_media":122081,"comment_status":"","ping_status":"","sticky":false,"template":"","format":"standard","meta":{"footnotes":""},"categories":[12],"tags":[22,23,26,27,17,21,24,25,28,29,15,16,18,34,31,33,32,30,19,20],"class_list":{"0":"post-122080","1":"post","2":"type-post","3":"status-publish","4":"format-standard","5":"has-post-thumbnail","7":"category-sverige","8":"tag-breaking-news","9":"tag-breakingnews","10":"tag-featured-news","11":"tag-featurednews","12":"tag-headlines","13":"tag-huvudnyheter","14":"tag-latest-news","15":"tag-latestnews","16":"tag-main-news","17":"tag-mainnews","18":"tag-news","19":"tag-nyheter","20":"tag-rubriker","21":"tag-se","22":"tag-svenska","23":"tag-sverige","24":"tag-sweden","25":"tag-swedish","26":"tag-top-stories","27":"tag-topstories"},"share_on_mastodon":{"url":"https:\/\/pubeurope.com\/@se\/115816244342479283","error":""},"_links":{"self":[{"href":"https:\/\/www.europesays.com\/se\/wp-json\/wp\/v2\/posts\/122080","targetHints":{"allow":["GET"]}}],"collection":[{"href":"https:\/\/www.europesays.com\/se\/wp-json\/wp\/v2\/posts"}],"about":[{"href":"https:\/\/www.europesays.com\/se\/wp-json\/wp\/v2\/types\/post"}],"author":[{"embeddable":true,"href":"https:\/\/www.europesays.com\/se\/wp-json\/wp\/v2\/users\/2"}],"replies":[{"embeddable":true,"href":"https:\/\/www.europesays.com\/se\/wp-json\/wp\/v2\/comments?post=122080"}],"version-history":[{"count":0,"href":"https:\/\/www.europesays.com\/se\/wp-json\/wp\/v2\/posts\/122080\/revisions"}],"wp:featuredmedia":[{"embeddable":true,"href":"https:\/\/www.europesays.com\/se\/wp-json\/wp\/v2\/media\/122081"}],"wp:attachment":[{"href":"https:\/\/www.europesays.com\/se\/wp-json\/wp\/v2\/media?parent=122080"}],"wp:term":[{"taxonomy":"category","embeddable":true,"href":"https:\/\/www.europesays.com\/se\/wp-json\/wp\/v2\/categories?post=122080"},{"taxonomy":"post_tag","embeddable":true,"href":"https:\/\/www.europesays.com\/se\/wp-json\/wp\/v2\/tags?post=122080"}],"curies":[{"name":"wp","href":"https:\/\/api.w.org\/{rel}","templated":true}]}}