{"id":122082,"date":"2025-12-31T21:15:06","date_gmt":"2025-12-31T21:15:06","guid":{"rendered":"https:\/\/www.europesays.com\/se\/122082\/"},"modified":"2025-12-31T21:15:06","modified_gmt":"2025-12-31T21:15:06","slug":"real-madrids-small-kylian-mbappe-knaskadad-la-liga","status":"publish","type":"post","link":"https:\/\/www.europesays.com\/se\/122082\/","title":{"rendered":"Real Madrids sm\u00e4ll \u2013\u00a0Kylian Mbapp\u00e9 kn\u00e4skadad | La Liga"},"content":{"rendered":"<p>Publicerad 31 dec 2025 kl 21.13Uppdaterad kl 22.12<\/p>\n<p>Dystert besked f\u00f6r Real Madrid.<\/p>\n<p>Storstj\u00e4rnan Kylian Mbapp\u00e9 \u00e4r kn\u00e4skadad.<\/p>\n<p><img loading=\"lazy\"   alt=\"\"\/> <\/p>\n<p>Foto: GOKHAN TANER \/ STELLA PICTURES<\/p>\n<p>\u00d6ppna bild i helsk\u00e4rm<img loading=\"lazy\"   alt=\"\"\/> <\/p>\n<p>Foto: GOKHAN TANER \/ STELLA PICTURES<\/p>\n<p>\u00d6ppna bild i helsk\u00e4rm<\/p>\n<p>Real Madrid har halkat efter Barcelona i kampen om La Liga-titeln. Huvudstadsklubben \u00e4r i nul\u00e4get fyra po\u00e4ng bakom \u00e4rkerivalen.<\/p>\n<p>Nu har man f\u00e5tt ett tr\u00e5kigt besked.<\/p>\n<p>Skyttekungen <a href=\"https:\/\/www.expressen.se\/tagg\/person\/kylian-mbappe\/\" class=\"\" rel=\"nofollow noopener\" target=\"_blank\">Kylian Mbapp\u00e9<\/a> har skadat kn\u00e4t, meddelar klubben p\u00e5 sin hemsida.<\/p>\n<p>\u201dEfter flera tester utf\u00f6rda av Real Madrids l\u00e4kare har Kylian Mbapp\u00e9 i dag f\u00e5tt diagnosen en stukning i sitt v\u00e4nstra kn\u00e4. Hans \u00e5terh\u00e4mtning kommer att \u00f6vervakas\u201d, skriver Real Madrid.<\/p>\n<p>Hur l\u00e4nge den franske storstj\u00e4rnan blir borta framg\u00e5r inte i uttalandet.<\/p>\n<p>27-\u00e5ringen toppar den spanska skytteligan i stor stil. Mbapp\u00e9 st\u00e5r noterad f\u00f6r 18 m\u00e5l, sju fler \u00e4n n\u00e4rmaste utmanare (Ferran Torres, Barcelona).<\/p>\n<p>Enligt The Athletic missar skyttekungen nu s\u00f6ndagens ligamatch mot Real Betis och \u00e4r \u00e4ven tveksam till spel i supercup-semifinalen mot stadsrivalen Atl\u00e9tico Madrid.<\/p>\n","protected":false},"excerpt":{"rendered":"Publicerad 31 dec 2025 kl 21.13Uppdaterad kl 22.12 Dystert besked f\u00f6r Real Madrid. Storstj\u00e4rnan Kylian Mbapp\u00e9 \u00e4r kn\u00e4skadad.&hellip;\n","protected":false},"author":2,"featured_media":122083,"comment_status":"","ping_status":"","sticky":false,"template":"","format":"standard","meta":{"footnotes":""},"categories":[68],"tags":[5738,3153,3152,34,129,4677,111,110,31,33,32,30],"class_list":{"0":"post-122082","1":"post","2":"type-post","3":"status-publish","4":"format-standard","5":"has-post-thumbnail","7":"category-sport","8":"tag-organization-la-liga","9":"tag-organization-real-madrid","10":"tag-person-kylian-mbappe","11":"tag-se","12":"tag-sections-fotboll","13":"tag-sections-laliga","14":"tag-sport","15":"tag-sports","16":"tag-svenska","17":"tag-sverige","18":"tag-sweden","19":"tag-swedish"},"share_on_mastodon":{"url":"https:\/\/pubeurope.com\/@se\/115816256233536803","error":""},"_links":{"self":[{"href":"https:\/\/www.europesays.com\/se\/wp-json\/wp\/v2\/posts\/122082","targetHints":{"allow":["GET"]}}],"collection":[{"href":"https:\/\/www.europesays.com\/se\/wp-json\/wp\/v2\/posts"}],"about":[{"href":"https:\/\/www.europesays.com\/se\/wp-json\/wp\/v2\/types\/post"}],"author":[{"embeddable":true,"href":"https:\/\/www.europesays.com\/se\/wp-json\/wp\/v2\/users\/2"}],"replies":[{"embeddable":true,"href":"https:\/\/www.europesays.com\/se\/wp-json\/wp\/v2\/comments?post=122082"}],"version-history":[{"count":0,"href":"https:\/\/www.europesays.com\/se\/wp-json\/wp\/v2\/posts\/122082\/revisions"}],"wp:featuredmedia":[{"embeddable":true,"href":"https:\/\/www.europesays.com\/se\/wp-json\/wp\/v2\/media\/122083"}],"wp:attachment":[{"href":"https:\/\/www.europesays.com\/se\/wp-json\/wp\/v2\/media?parent=122082"}],"wp:term":[{"taxonomy":"category","embeddable":true,"href":"https:\/\/www.europesays.com\/se\/wp-json\/wp\/v2\/categories?post=122082"},{"taxonomy":"post_tag","embeddable":true,"href":"https:\/\/www.europesays.com\/se\/wp-json\/wp\/v2\/tags?post=122082"}],"curies":[{"name":"wp","href":"https:\/\/api.w.org\/{rel}","templated":true}]}}