{"id":122088,"date":"2025-12-31T21:20:11","date_gmt":"2025-12-31T21:20:11","guid":{"rendered":"https:\/\/www.europesays.com\/se\/122088\/"},"modified":"2025-12-31T21:20:11","modified_gmt":"2025-12-31T21:20:11","slug":"interna-strider-och-daliga-siffror-trumps-angvalt-har-borjat-ga-sonder","status":"publish","type":"post","link":"https:\/\/www.europesays.com\/se\/122088\/","title":{"rendered":"Interna strider och d\u00e5liga siffror \u2013 Trumps \u00e5ngv\u00e4lt har b\u00f6rjat g\u00e5 s\u00f6nder"},"content":{"rendered":"<p>Kaos var normen i Vita huset under Donald Trumps f\u00f6rsta mandatperiod. Nu \u00e4r k\u00e4nslan av oreda tillbaka. Tio m\u00e5nader in i mandatperiod tv\u00e5 m\u00f6ter presidenten samma motg\u00e5ngar som han g\u2026<\/p>\n<p>Infighting. Bad polls. Party divisions. Midterm fe\u2026<\/p>\n<p>Omni \u00e4r politiskt obundna och oberoende. Vi str\u00e4var efter att ge fler perspektiv p\u00e5 nyheterna. Har du fr\u00e5gor eller synpunkter kring v\u00e5r rapportering? <a href=\"https:\/\/omni.se\/interna-strider-och-daliga-siffror-trumps-angvalt-har-borjat-ga-sonder\/a\/mailto:mer@omni.se\" class=\"ArticleActions_contactLink__W2F1M\" rel=\"nofollow noopener\" target=\"_blank\">Kontakta redaktionen<\/a><\/p>\n","protected":false},"excerpt":{"rendered":"Kaos var normen i Vita huset under Donald Trumps f\u00f6rsta mandatperiod. Nu \u00e4r k\u00e4nslan av oreda tillbaka. Tio&hellip;\n","protected":false},"author":2,"featured_media":122089,"comment_status":"","ping_status":"","sticky":false,"template":"","format":"standard","meta":{"footnotes":""},"categories":[12],"tags":[2193,22,23,26,27,17,21,24,25,28,29,15,16,18,34,31,33,32,30,12538,19,20],"class_list":{"0":"post-122088","1":"post","2":"type-post","3":"status-publish","4":"format-standard","5":"has-post-thumbnail","7":"category-sverige","8":"tag-omni-mer","9":"tag-breaking-news","10":"tag-breakingnews","11":"tag-featured-news","12":"tag-featurednews","13":"tag-headlines","14":"tag-huvudnyheter","15":"tag-latest-news","16":"tag-latestnews","17":"tag-main-news","18":"tag-mainnews","19":"tag-news","20":"tag-nyheter","21":"tag-rubriker","22":"tag-se","23":"tag-svenska","24":"tag-sverige","25":"tag-sweden","26":"tag-swedish","27":"tag-the-atlantic","28":"tag-top-stories","29":"tag-topstories"},"share_on_mastodon":{"url":"https:\/\/pubeurope.com\/@se\/115816275953201090","error":""},"_links":{"self":[{"href":"https:\/\/www.europesays.com\/se\/wp-json\/wp\/v2\/posts\/122088","targetHints":{"allow":["GET"]}}],"collection":[{"href":"https:\/\/www.europesays.com\/se\/wp-json\/wp\/v2\/posts"}],"about":[{"href":"https:\/\/www.europesays.com\/se\/wp-json\/wp\/v2\/types\/post"}],"author":[{"embeddable":true,"href":"https:\/\/www.europesays.com\/se\/wp-json\/wp\/v2\/users\/2"}],"replies":[{"embeddable":true,"href":"https:\/\/www.europesays.com\/se\/wp-json\/wp\/v2\/comments?post=122088"}],"version-history":[{"count":0,"href":"https:\/\/www.europesays.com\/se\/wp-json\/wp\/v2\/posts\/122088\/revisions"}],"wp:featuredmedia":[{"embeddable":true,"href":"https:\/\/www.europesays.com\/se\/wp-json\/wp\/v2\/media\/122089"}],"wp:attachment":[{"href":"https:\/\/www.europesays.com\/se\/wp-json\/wp\/v2\/media?parent=122088"}],"wp:term":[{"taxonomy":"category","embeddable":true,"href":"https:\/\/www.europesays.com\/se\/wp-json\/wp\/v2\/categories?post=122088"},{"taxonomy":"post_tag","embeddable":true,"href":"https:\/\/www.europesays.com\/se\/wp-json\/wp\/v2\/tags?post=122088"}],"curies":[{"name":"wp","href":"https:\/\/api.w.org\/{rel}","templated":true}]}}