{"id":122090,"date":"2025-12-31T21:21:12","date_gmt":"2025-12-31T21:21:12","guid":{"rendered":"https:\/\/www.europesays.com\/se\/122090\/"},"modified":"2025-12-31T21:21:12","modified_gmt":"2025-12-31T21:21:12","slug":"kvinnan-hade-lagt-ut-annons-pa-natet","status":"publish","type":"post","link":"https:\/\/www.europesays.com\/se\/122090\/","title":{"rendered":"Kvinnan hade lagt ut annons p\u00e5 n\u00e4tet"},"content":{"rendered":"<p><img decoding=\"async\" class=\"image-asset hyperion-css-n6kkq1\" data-test-tag=\"image-asset\" src=\"https:\/\/www.europesays.com\/se\/wp-content\/uploads\/2025\/12\/1767216071_555_4898f780-21e5-4fc9-aaf6-8b2690fbf32e.png\"  alt=\"\"  loading=\"lazy\" fetchpriority=\"auto\" style=\"aspect-ratio:1900 \/ 1900\"\/><img decoding=\"async\" class=\"image-asset hyperion-css-n6kkq1\" data-test-tag=\"image-asset\" src=\"https:\/\/www.europesays.com\/se\/wp-content\/uploads\/2025\/12\/1767216071_180_3a4c6c9d-a4b3-4d3b-9201-d0cadf6fea44.png\"  alt=\"\"  loading=\"lazy\" fetchpriority=\"auto\" style=\"aspect-ratio:1900 \/ 1900\"\/><\/p>\n<p class=\"boxtextgrotesk-root_baa6 hyperion-css-7pajle\">Uppdaterad 21.06 | Publicerad 20.47<\/p>\n<p>share-arrowDela<\/p>\n<p>unsaveSpara<\/p>\n<p>expand-left<\/p>\n<p>helsk\u00e4rm<img decoding=\"async\" class=\"image-asset hyperion-css-u06ts1\" data-test-tag=\"image-asset\" src=\"https:\/\/www.europesays.com\/se\/wp-content\/uploads\/2025\/12\/1767216072_972_11d74cb9-d53e-4333-b469-d1d7691ff207.jpeg\"  alt=\"T\u00e4nda ljus f\u00f6r den 55-\u00e5riga kvinnan.\"  loading=\"eager\" fetchpriority=\"high\" style=\"aspect-ratio:1900 \/ 971\"\/>T\u00e4nda ljus f\u00f6r den 55-\u00e5riga kvinnan. Foto: Stefan Jerrev\u00e5ng<\/p>\n<p class=\"hyperion-css-1shl3oz\" data-test-tag=\"lead-text\">Mamman i Boden hade lagt ut en annons p\u00e5 Marketplace.<\/p>\n<p class=\"hyperion-css-1shl3oz\" data-test-tag=\"lead-text\">Enligt Aftonbladets uppgifter v\u00e4ntade hon p\u00e5 n\u00e5gon som skulle komma och h\u00e4mta varan.<\/p>\n<p class=\"hyperion-css-1shl3oz\" data-test-tag=\"lead-text\">Sedan ringde den 22-\u00e5rige mannen p\u00e5 d\u00f6rren.<\/p>\n<p class=\"hyperion-css-1v9qo5x\">P\u00e5 juldagen <a data-test-tag=\"internal-link\" href=\"https:\/\/www.aftonbladet.se\/nyheter\/a\/vrQn9w\/kvinna-dod-i-boden-misstankt-ihjalskjuten-av-polis\" class=\"hyperion-css-15jkft9\" rel=\"nofollow noopener\" target=\"\" aria-label=\"knivm\u00f6rdades en 55-\u00e5rig kvinna i sitt hem\">knivm\u00f6rdades en 55-\u00e5rig kvinna i sitt hem<\/a> av en 22-\u00e5rig man. Han verkar av allt att d\u00f6ma ha varit ok\u00e4nd f\u00f6r henne och familjen.<\/p>\n<p class=\"hyperion-css-1v9qo5x\">Kvinnans tv\u00e5 ton\u00e5rsd\u00f6ttrar skadades. En av dem \u00e4r kvar p\u00e5 sjukhus.<\/p>\n<p class=\"hyperion-css-1v9qo5x\">Den misst\u00e4nkte mannen sk\u00f6ts till slut till d\u00f6ds av polis. D\u00e5 hade han befunnit sig i huset i flera timmar, och <a data-test-tag=\"internal-link\" href=\"https:\/\/www.aftonbladet.se\/nyheter\/a\/QJoqr8\/boden-mordet-polisen-slapper-nya-uppgifter-om-dadet\" class=\"hyperion-css-15jkft9\" rel=\"nofollow noopener\" target=\"\" aria-label=\"polisen har ber\u00e4ttat om ett omfattande v\u00e5ld. \">polisen har ber\u00e4ttat om ett omfattande v\u00e5ld. <\/a><\/p>\n<p class=\"hyperion-css-1v9qo5x\">\u00c5klagaren har sagt att det finns en god bild av h\u00e4ndelsef\u00f6rloppet. Men det som hittills har varit oklart \u00e4r motivet \u2013 varf\u00f6r den misst\u00e4nkta 22-\u00e5ringen kommit till familjens hus.<\/p>\n<p>expand-left<\/p>\n<p>helsk\u00e4rm<img decoding=\"async\" class=\"image-asset hyperion-css-u06ts1\" data-test-tag=\"image-asset\" src=\"https:\/\/www.europesays.com\/se\/wp-content\/uploads\/2025\/12\/1767216072_530_9237b7ee-09a1-47c2-9e8d-9b0f35ccf0bc.jpeg\"  alt=\"Polis p\u00e5 plats i omr\u00e5det dagen efter. \"  loading=\"eager\" fetchpriority=\"high\" style=\"aspect-ratio:1900 \/ 1421\"\/>Polis p\u00e5 plats i omr\u00e5det dagen efter. Foto: Stefan Jerrev\u00e5ng\u201dF\u00f6r tidigt att s\u00e4ga\u201d<\/p>\n<p class=\"hyperion-css-1v9qo5x\">Nu bekr\u00e4ftar \u00e5klagaren att den 55-\u00e5riga kvinnan hade lagt ut en vara till f\u00f6rs\u00e4ljning p\u00e5 n\u00e4tet. <\/p>\n<p class=\"hyperion-css-1v9qo5x\">\u2013 Vi kan bekr\u00e4fta att hon haft en annons ute f\u00f6r n\u00e5gon form av vardaglig pryl. Men vi vet inte mer \u00e4n s\u00e5, s\u00e4ger \u00e5klagare Kristin Andersson som leder f\u00f6runders\u00f6kningen.<\/p>\n<p class=\"hyperion-css-1v9qo5x\">Mamman och den ena ton\u00e5rsdottern var hemma n\u00e4r den 22-\u00e5rige mannen ringde p\u00e5. Enligt Aftonbladets uppgifter hade mamman best\u00e4mt med n\u00e5gon som skulle komma och h\u00e4mta varan.<\/p>\n<p>expand-left<\/p>\n<p>helsk\u00e4rm<img decoding=\"async\" class=\"image-asset hyperion-css-u06ts1\" data-test-tag=\"image-asset\" src=\"https:\/\/www.europesays.com\/se\/wp-content\/uploads\/2025\/12\/10d948d6-3da8-47a6-be4d-cb3b0effbcac.jpeg\"  alt=\"Polisens tekniker arbetar p\u00e5 brottsplatsen i Boden. \"  loading=\"eager\" fetchpriority=\"high\" style=\"aspect-ratio:1900 \/ 1473\"\/>Polisens tekniker arbetar p\u00e5 brottsplatsen i Boden. Foto: Stefan Jerrev\u00e5ng<\/p>\n<p class=\"hyperion-css-1v9qo5x\">\u00c5klagaren kan inte s\u00e4ga om det var den misst\u00e4nkte mannen som hade sagt att han skulle komma och h\u00e4mta varan.<\/p>\n<p class=\"hyperion-css-1v9qo5x\">\u2013 Med tanke p\u00e5 att han kommer dit \u00e4r det v\u00e4l n\u00e4ra till hands att tro det. Men att s\u00e4ga att vi vet att det \u00e4r s\u00e5, det \u00e4r f\u00f6r tidigt, s\u00e4ger hon.<\/p>\n<p>F\u00e5ngad p\u00e5 kamera<\/p>\n<p class=\"hyperion-css-1v9qo5x\">Den misst\u00e4nkte g\u00e4rningsmannen har f\u00e5ngats p\u00e5 film p\u00e5 d\u00f6rrklockans kamera, enligt uppgift.<\/p>\n<p class=\"hyperion-css-1v9qo5x\">Under tisdagen sa \u00e5klagaren att de h\u00e5ller p\u00e5 att g\u00e5 igenom b\u00e5de mammans och g\u00e4rningsmannen telefon.<\/p>\n<p class=\"hyperion-css-1v9qo5x\">22-\u00e5ringens mamma <a data-test-tag=\"internal-link\" href=\"https:\/\/www.aftonbladet.se\/nyheter\/a\/gk7Jq9\/mamman-till-misstankta-22-aringen-i-boden-han-var-sjuk\" class=\"hyperion-css-15jkft9\" rel=\"nofollow noopener\" target=\"\" aria-label=\"har ber\u00e4ttat f\u00f6r Aftonbladet \">har ber\u00e4ttat f\u00f6r Aftonbladet <\/a>att hennes son nyligen lagts in f\u00f6r tv\u00e5ngsg\u00e5rd hos psykiatrin, men blivit utskriven. <\/p>\n","protected":false},"excerpt":{"rendered":"Uppdaterad 21.06 | Publicerad 20.47 share-arrowDela unsaveSpara expand-left helsk\u00e4rmT\u00e4nda ljus f\u00f6r den 55-\u00e5riga kvinnan. Foto: Stefan Jerrev\u00e5ng Mamman&hellip;\n","protected":false},"author":2,"featured_media":122091,"comment_status":"","ping_status":"","sticky":false,"template":"","format":"standard","meta":{"footnotes":""},"categories":[5],"tags":[22,23,26,27,17,21,24,25,28,29,15,16,18,34,31,33,32,30,19,20],"class_list":{"0":"post-122090","1":"post","2":"type-post","3":"status-publish","4":"format-standard","5":"has-post-thumbnail","7":"category-rubriker","8":"tag-breaking-news","9":"tag-breakingnews","10":"tag-featured-news","11":"tag-featurednews","12":"tag-headlines","13":"tag-huvudnyheter","14":"tag-latest-news","15":"tag-latestnews","16":"tag-main-news","17":"tag-mainnews","18":"tag-news","19":"tag-nyheter","20":"tag-rubriker","21":"tag-se","22":"tag-svenska","23":"tag-sverige","24":"tag-sweden","25":"tag-swedish","26":"tag-top-stories","27":"tag-topstories"},"share_on_mastodon":{"url":"https:\/\/pubeurope.com\/@se\/115816279810083083","error":""},"_links":{"self":[{"href":"https:\/\/www.europesays.com\/se\/wp-json\/wp\/v2\/posts\/122090","targetHints":{"allow":["GET"]}}],"collection":[{"href":"https:\/\/www.europesays.com\/se\/wp-json\/wp\/v2\/posts"}],"about":[{"href":"https:\/\/www.europesays.com\/se\/wp-json\/wp\/v2\/types\/post"}],"author":[{"embeddable":true,"href":"https:\/\/www.europesays.com\/se\/wp-json\/wp\/v2\/users\/2"}],"replies":[{"embeddable":true,"href":"https:\/\/www.europesays.com\/se\/wp-json\/wp\/v2\/comments?post=122090"}],"version-history":[{"count":0,"href":"https:\/\/www.europesays.com\/se\/wp-json\/wp\/v2\/posts\/122090\/revisions"}],"wp:featuredmedia":[{"embeddable":true,"href":"https:\/\/www.europesays.com\/se\/wp-json\/wp\/v2\/media\/122091"}],"wp:attachment":[{"href":"https:\/\/www.europesays.com\/se\/wp-json\/wp\/v2\/media?parent=122090"}],"wp:term":[{"taxonomy":"category","embeddable":true,"href":"https:\/\/www.europesays.com\/se\/wp-json\/wp\/v2\/categories?post=122090"},{"taxonomy":"post_tag","embeddable":true,"href":"https:\/\/www.europesays.com\/se\/wp-json\/wp\/v2\/tags?post=122090"}],"curies":[{"name":"wp","href":"https:\/\/api.w.org\/{rel}","templated":true}]}}