{"id":122098,"date":"2025-12-31T21:29:00","date_gmt":"2025-12-31T21:29:00","guid":{"rendered":"https:\/\/www.europesays.com\/se\/122098\/"},"modified":"2025-12-31T21:29:00","modified_gmt":"2025-12-31T21:29:00","slug":"misstankt-foremal-i-uppsala-var-batterier","status":"publish","type":"post","link":"https:\/\/www.europesays.com\/se\/122098\/","title":{"rendered":"Misst\u00e4nkt f\u00f6rem\u00e5l i Uppsala var batterier"},"content":{"rendered":"<p>Polisen larmades vid strax f\u00f6re 10-tiden p\u00e5 tisdagsf\u00f6rmiddagen om ett misst\u00e4nkt farligt f\u00f6rem\u00e5l i n\u00e4rheten av V\u00e4stertorg.\u2013 Vi fick ett samtal fr\u00e5n en person som sett ett misst\u00e4nkt farligt f\u00f6rem\u00e5l. Det skickades patruller till platsen som tog kontakt med nationella bomskyddet via telefon. De kunde bekr\u00e4fta att det inte handlade om ett farligt f\u00f6rem\u00e5l utan om batterier,<\/p>\n","protected":false},"excerpt":{"rendered":"Polisen larmades vid strax f\u00f6re 10-tiden p\u00e5 tisdagsf\u00f6rmiddagen om ett misst\u00e4nkt farligt f\u00f6rem\u00e5l i n\u00e4rheten av V\u00e4stertorg.\u2013 Vi&hellip;\n","protected":false},"author":2,"featured_media":1027,"comment_status":"","ping_status":"","sticky":false,"template":"","format":"standard","meta":{"footnotes":""},"categories":[12],"tags":[22,23,26,27,17,21,24,25,28,29,15,16,18,34,31,33,32,30,19,20],"class_list":{"0":"post-122098","1":"post","2":"type-post","3":"status-publish","4":"format-standard","5":"has-post-thumbnail","7":"category-sverige","8":"tag-breaking-news","9":"tag-breakingnews","10":"tag-featured-news","11":"tag-featurednews","12":"tag-headlines","13":"tag-huvudnyheter","14":"tag-latest-news","15":"tag-latestnews","16":"tag-main-news","17":"tag-mainnews","18":"tag-news","19":"tag-nyheter","20":"tag-rubriker","21":"tag-se","22":"tag-svenska","23":"tag-sverige","24":"tag-sweden","25":"tag-swedish","26":"tag-top-stories","27":"tag-topstories"},"share_on_mastodon":{"url":"https:\/\/pubeurope.com\/@se\/115816311247508474","error":""},"_links":{"self":[{"href":"https:\/\/www.europesays.com\/se\/wp-json\/wp\/v2\/posts\/122098","targetHints":{"allow":["GET"]}}],"collection":[{"href":"https:\/\/www.europesays.com\/se\/wp-json\/wp\/v2\/posts"}],"about":[{"href":"https:\/\/www.europesays.com\/se\/wp-json\/wp\/v2\/types\/post"}],"author":[{"embeddable":true,"href":"https:\/\/www.europesays.com\/se\/wp-json\/wp\/v2\/users\/2"}],"replies":[{"embeddable":true,"href":"https:\/\/www.europesays.com\/se\/wp-json\/wp\/v2\/comments?post=122098"}],"version-history":[{"count":0,"href":"https:\/\/www.europesays.com\/se\/wp-json\/wp\/v2\/posts\/122098\/revisions"}],"wp:featuredmedia":[{"embeddable":true,"href":"https:\/\/www.europesays.com\/se\/wp-json\/wp\/v2\/media\/1027"}],"wp:attachment":[{"href":"https:\/\/www.europesays.com\/se\/wp-json\/wp\/v2\/media?parent=122098"}],"wp:term":[{"taxonomy":"category","embeddable":true,"href":"https:\/\/www.europesays.com\/se\/wp-json\/wp\/v2\/categories?post=122098"},{"taxonomy":"post_tag","embeddable":true,"href":"https:\/\/www.europesays.com\/se\/wp-json\/wp\/v2\/tags?post=122098"}],"curies":[{"name":"wp","href":"https:\/\/api.w.org\/{rel}","templated":true}]}}