{"id":122099,"date":"2025-12-31T21:30:09","date_gmt":"2025-12-31T21:30:09","guid":{"rendered":"https:\/\/www.europesays.com\/se\/122099\/"},"modified":"2025-12-31T21:30:09","modified_gmt":"2025-12-31T21:30:09","slug":"mossad-manar-pa-iranska-protester","status":"publish","type":"post","link":"https:\/\/www.europesays.com\/se\/122099\/","title":{"rendered":"Mossad manar p\u00e5 iranska protester"},"content":{"rendered":"<p>Gatuprotesterna i Iran forts\u00e4tter f\u00f6r fj\u00e4rde dagen i rad. <\/p>\n<p>Fr\u00e5n staden Fasa i s\u00f6dra Iran rapporteras om sammandrabbningar. Enligt den statliga nyhetsbyr\u00e5n Nour News skadades tre medlemmar av s\u00e4kerhetsstyrkorna n\u00e4r en folkmassa f\u00f6rs\u00f6kte storma en provinsbyggnad. <\/p>\n<p>Israels underr\u00e4ttelsetj\u00e4nst Mossad manar p\u00e5 protesterna och skriver p\u00e5 sitt X-konto att \u201dtiden \u00e4r kommen\u201d och att \u201dvi \u00e4r ocks\u00e5 med er p\u00e5 plats\u201d. <\/p>\n<p>Protesterna riktar sig mot den usla ekonomin och valutakursens nedg\u00e5ng.<\/p>\n","protected":false},"excerpt":{"rendered":"Gatuprotesterna i Iran forts\u00e4tter f\u00f6r fj\u00e4rde dagen i rad. Fr\u00e5n staden Fasa i s\u00f6dra Iran rapporteras om sammandrabbningar.&hellip;\n","protected":false},"author":2,"featured_media":793,"comment_status":"","ping_status":"","sticky":false,"template":"","format":"standard","meta":{"footnotes":""},"categories":[5],"tags":[22,23,26,27,17,21,24,25,28,29,15,16,18,34,31,33,32,30,19,20],"class_list":{"0":"post-122099","1":"post","2":"type-post","3":"status-publish","4":"format-standard","5":"has-post-thumbnail","7":"category-rubriker","8":"tag-breaking-news","9":"tag-breakingnews","10":"tag-featured-news","11":"tag-featurednews","12":"tag-headlines","13":"tag-huvudnyheter","14":"tag-latest-news","15":"tag-latestnews","16":"tag-main-news","17":"tag-mainnews","18":"tag-news","19":"tag-nyheter","20":"tag-rubriker","21":"tag-se","22":"tag-svenska","23":"tag-sverige","24":"tag-sweden","25":"tag-swedish","26":"tag-top-stories","27":"tag-topstories"},"share_on_mastodon":{"url":"https:\/\/pubeurope.com\/@se\/115816315205564101","error":""},"_links":{"self":[{"href":"https:\/\/www.europesays.com\/se\/wp-json\/wp\/v2\/posts\/122099","targetHints":{"allow":["GET"]}}],"collection":[{"href":"https:\/\/www.europesays.com\/se\/wp-json\/wp\/v2\/posts"}],"about":[{"href":"https:\/\/www.europesays.com\/se\/wp-json\/wp\/v2\/types\/post"}],"author":[{"embeddable":true,"href":"https:\/\/www.europesays.com\/se\/wp-json\/wp\/v2\/users\/2"}],"replies":[{"embeddable":true,"href":"https:\/\/www.europesays.com\/se\/wp-json\/wp\/v2\/comments?post=122099"}],"version-history":[{"count":0,"href":"https:\/\/www.europesays.com\/se\/wp-json\/wp\/v2\/posts\/122099\/revisions"}],"wp:featuredmedia":[{"embeddable":true,"href":"https:\/\/www.europesays.com\/se\/wp-json\/wp\/v2\/media\/793"}],"wp:attachment":[{"href":"https:\/\/www.europesays.com\/se\/wp-json\/wp\/v2\/media?parent=122099"}],"wp:term":[{"taxonomy":"category","embeddable":true,"href":"https:\/\/www.europesays.com\/se\/wp-json\/wp\/v2\/categories?post=122099"},{"taxonomy":"post_tag","embeddable":true,"href":"https:\/\/www.europesays.com\/se\/wp-json\/wp\/v2\/tags?post=122099"}],"curies":[{"name":"wp","href":"https:\/\/api.w.org\/{rel}","templated":true}]}}