{"id":122102,"date":"2025-12-31T21:37:30","date_gmt":"2025-12-31T21:37:30","guid":{"rendered":"https:\/\/www.europesays.com\/se\/122102\/"},"modified":"2025-12-31T21:37:30","modified_gmt":"2025-12-31T21:37:30","slug":"s-ledningen-gillar-inte-olydiga-medlemmar","status":"publish","type":"post","link":"https:\/\/www.europesays.com\/se\/122102\/","title":{"rendered":"\u201dS-ledningen gillar inte olydiga medlemmar\u201d"},"content":{"rendered":"<p>Kristina Persson \u00e4r mest k\u00e4nd som framtidsminister i Stefan L\u00f6fvens f\u00f6rsta regering, en post som blev kortvarig och d\u00e4r hon kom att beskrivas som \u201dregeringens minst k\u00e4nda och minst omskrivna statsr\u00e5d\u201d. Sj\u00e4lv tecknar hon bilden av sig sj\u00e4lv som en vision\u00e4r som motarbetades av systemet.<\/p>\n<p>I sin nyutkomna bok \u201dVart tog framtiden v\u00e4gen\u201d (Hjalmarson &amp; H\u00f6gberg, 2025) kritiserar hon Socialdemokraterna f\u00f6r att sakna visioner och id\u00e9er om framtiden. Socialdemokraternas nya 2030-program avf\u00e4rdar hon som \u201dinte s\u00e4rskilt vision\u00e4rt eller intressant\u201d.<\/p>\n<p>Sedan 2019 \u00e4r hon inte l\u00e4ngre medlem i partiet.<\/p>\n<p>\u2013 Det blev 50 \u00e5r som medlem, men droppen var nog k\u00e4nslan av samst\u00e4mmighet med Tid\u00f6partierna kring migrationen. Redan tidigare var jag kritisk mot bristen p\u00e5 engagemang f\u00f6r Europasamarbetet och klimatet.<\/p>\n<p>Ex-ministern: Ignorerades av Andersson<\/p>\n<p>N\u00e4r Kristina Persson 2014 bj\u00f6ds in till Stefan L\u00f6fvens regering som framtidsminister tyckte hon att id\u00e9n var lysande.<\/p>\n<p>\u2013 Tanken var att undvika att fastna i kortsiktigt \u201dh\u00e4r och nu\u201d-arbete och i st\u00e4llet utveckla en f\u00f6rm\u00e5ga att adressera de stora l\u00e5ngsiktiga utmaningarna.<\/p>\n<p>Men i och med att posten skulle fungera horisontellt st\u00f6tte hon snart p\u00e5 motst\u00e5nd i en f\u00f6rvaltning som hon menar var starkt pr\u00e4glad av \u201dstupr\u00f6rst\u00e4nk\u201d. D\u00e5varande finansministern, i dag Socialdemokraternas partiledare, beskrivs i boken som klart avst\u00e5ndstagande:<\/p>\n<p>\u201dMagdalena Andersson och jag hade aldrig tr\u00e4ffats innan vi blev statsr\u00e5d i samma regering, vi saknade s\u00e5lunda erfarenheter av varandra. Hon valde att ignorera mig fr\u00e5n allra f\u00f6rsta b\u00f6rjan, vilket bland annat tog sig uttryck i att hon inte h\u00e4lsade p\u00e5 mig. Det fortsatte tiden ut.\u201d<\/p>\n<p>Kristina Persson skriver ocks\u00e5 att det bland ministerkollegorna muttrades om Stefan L\u00f6fvens statssekreterare Emma Lennartsson, som uppfattades som maktfullkomlig. L\u00f6fven sj\u00e4lv framstod \u00e5 sin sida svag i sitt ledarskap \u2013 och d\u00e4rmed drog han, enligt Kristina Perssons uppfattning, undan mattan f\u00f6r framtidskansliet:<\/p>\n<p>\u2013 Han var ju helt ny som politiker och blev ett offer f\u00f6r systemet. Regeringskansliets huvudsakliga inriktning \u00e4r f\u00f6rvaltning av systemen och f\u00f6r finansdepartementet dominerade det kortsiktiga, budgetpolitiska arbetet. Jag upplevde dem mer som teknokrater \u00e4n som politiker. En duktig politiker har ju id\u00e9er och visioner och vill f\u00f6r\u00e4ndra! Vi har sv\u00e5righeter som vi m\u00e5ste analysera och angripa nu, \u00e4ven om de inte \u00e4r uppenbara \u00e4n, till exempel klimatfr\u00e5gan. Och vi har dessutom \u00e5taganden, m\u00e5l som vi har st\u00e4llt oss bakom.<\/p>\n<p>Tvingades l\u00e4mna<\/p>\n<p>Sveriges enda framtidsminister genom tiderna hann bara med 20 m\u00e5nader p\u00e5 posten. I maj 2016 gick hon till sitt sedan l\u00e4nge inbokade m\u00f6te med statsministern. Med sig hade hon rapporter och f\u00f6rslag fr\u00e5n sitt kansli. Dagen efter skulle en aviserad regeringsombildning presenteras.<\/p>\n<p>\u2013 Innan jag ens hann s\u00e4tta mig i den d\u00e4r bl\u00e5 soffan sade Stefan: \u201dJa du, Kristina, det h\u00e4r blir inte det m\u00f6te du hade t\u00e4nkt dig\u201d. Och sedan fick jag veta att jag inte skulle f\u00e5 plats i den nya regeringen.<\/p>\n<p>Kristina Persson var 2016 inte ensam om analysen att hennes fr\u00e5gor passade illa in i det kortsiktiga fokus som b\u00e5de politiken och media pr\u00e4glas av. Samtidigt beskriver hon i boken tydliga men oftast subtila tecken p\u00e5 intern mobbing, och kanske fanns det ocks\u00e5 mer personliga sk\u00e4l till motst\u00e5ndet.<\/p>\n<p>Hon var \u00e4ldst i regeringen, utbildad p\u00e5 Handelsh\u00f6gskolan och talar fem-sex spr\u00e5k. S\u00e4kert stack ocks\u00e5 rubriker som \u201dFramtidsministern har minnen fr\u00e5n medeltiden\u201d i \u00f6gonen \u2013 en referens till SVT-programmet Striptease som 1997 skildrat henne som New age-fantast med upplevelser fr\u00e5n tidigare liv under djuphypnos.<\/p>\n<p>\u2013\u00a0Jag har nog alltid betraktats som en udda f\u00e5gel, s\u00e4ger hon i dag till Altinget. Och f\u00f6rest\u00e4llningen som min pappa har pr\u00e4ntat in i mig, att man ska t\u00e4nka sj\u00e4lv, den \u00e4r inte popul\u00e4r. Partiledningen gillar inte olydiga medlemmar.<\/p>\n","protected":false},"excerpt":{"rendered":"Kristina Persson \u00e4r mest k\u00e4nd som framtidsminister i Stefan L\u00f6fvens f\u00f6rsta regering, en post som blev kortvarig och&hellip;\n","protected":false},"author":2,"featured_media":122103,"comment_status":"","ping_status":"","sticky":false,"template":"","format":"standard","meta":{"footnotes":""},"categories":[12],"tags":[22,23,26,27,17,21,24,25,28,29,15,16,18,34,31,33,32,30,19,20],"class_list":{"0":"post-122102","1":"post","2":"type-post","3":"status-publish","4":"format-standard","5":"has-post-thumbnail","7":"category-sverige","8":"tag-breaking-news","9":"tag-breakingnews","10":"tag-featured-news","11":"tag-featurednews","12":"tag-headlines","13":"tag-huvudnyheter","14":"tag-latest-news","15":"tag-latestnews","16":"tag-main-news","17":"tag-mainnews","18":"tag-news","19":"tag-nyheter","20":"tag-rubriker","21":"tag-se","22":"tag-svenska","23":"tag-sverige","24":"tag-sweden","25":"tag-swedish","26":"tag-top-stories","27":"tag-topstories"},"share_on_mastodon":{"url":"https:\/\/pubeurope.com\/@se\/115816342793105259","error":""},"_links":{"self":[{"href":"https:\/\/www.europesays.com\/se\/wp-json\/wp\/v2\/posts\/122102","targetHints":{"allow":["GET"]}}],"collection":[{"href":"https:\/\/www.europesays.com\/se\/wp-json\/wp\/v2\/posts"}],"about":[{"href":"https:\/\/www.europesays.com\/se\/wp-json\/wp\/v2\/types\/post"}],"author":[{"embeddable":true,"href":"https:\/\/www.europesays.com\/se\/wp-json\/wp\/v2\/users\/2"}],"replies":[{"embeddable":true,"href":"https:\/\/www.europesays.com\/se\/wp-json\/wp\/v2\/comments?post=122102"}],"version-history":[{"count":0,"href":"https:\/\/www.europesays.com\/se\/wp-json\/wp\/v2\/posts\/122102\/revisions"}],"wp:featuredmedia":[{"embeddable":true,"href":"https:\/\/www.europesays.com\/se\/wp-json\/wp\/v2\/media\/122103"}],"wp:attachment":[{"href":"https:\/\/www.europesays.com\/se\/wp-json\/wp\/v2\/media?parent=122102"}],"wp:term":[{"taxonomy":"category","embeddable":true,"href":"https:\/\/www.europesays.com\/se\/wp-json\/wp\/v2\/categories?post=122102"},{"taxonomy":"post_tag","embeddable":true,"href":"https:\/\/www.europesays.com\/se\/wp-json\/wp\/v2\/tags?post=122102"}],"curies":[{"name":"wp","href":"https:\/\/api.w.org\/{rel}","templated":true}]}}