{"id":122110,"date":"2025-12-31T22:02:09","date_gmt":"2025-12-31T22:02:09","guid":{"rendered":"https:\/\/www.europesays.com\/se\/122110\/"},"modified":"2025-12-31T22:02:09","modified_gmt":"2025-12-31T22:02:09","slug":"trump-skickar-hem-nationalgardet-fran-chicago","status":"publish","type":"post","link":"https:\/\/www.europesays.com\/se\/122110\/","title":{"rendered":"Trump skickar hem nationalgardet fr\u00e5n Chicago"},"content":{"rendered":"<p>share-arrowDela<\/p>\n<p>unsaveSpara<\/p>\n<p>expand-left<\/p>\n<p>helsk\u00e4rm<img decoding=\"async\" class=\"image-asset hyperion-css-u06ts1\" data-test-tag=\"image-asset\" src=\"https:\/\/www.europesays.com\/se\/wp-content\/uploads\/2025\/12\/bbbf4f5d-ce6e-4dda-a315-e6380ca88055.jpeg\"  alt=\"Donald Trump. Bilden \u00e4r tagen 29 december.\"  loading=\"eager\" fetchpriority=\"high\" style=\"aspect-ratio:1900 \/ 1267\"\/>Donald Trump. Bilden \u00e4r tagen 29 december. Foto: Alex Brandon\/AP\/TT<\/p>\n<p class=\"hyperion-css-1shl3oz\" data-test-tag=\"lead-text\">USA:s president Donald Trump har tryckt p\u00e5 f\u00f6r att landets nationalgarde ska till\u00e5tas agera i jakten p\u00e5 irregulj\u00e4ra migranter i Chicago, Los Angeles och Portland.<\/p>\n<p class=\"hyperion-css-1shl3oz\" data-test-tag=\"lead-text\">Men efter juridiska motg\u00e5ngar backar han \u2013 \u00e5tminstone tillf\u00e4lligt.<\/p>\n<p class=\"hyperion-css-1v9qo5x\">\u201dVi plockar bort nationalgardet fr\u00e5n Chicago, Los Angeles och Portland\u201d, skriver Trump i ett inl\u00e4gg p\u00e5 Truth social.<\/p>\n<p class=\"hyperion-css-1v9qo5x\">Beskedet kommer sedan H\u00f6gsta domstolen f\u00f6rra veckan stoppat presidentens order om bist\u00e5 i insatser mot migranter. Enligt Trump \u00e4r dock inte sista ordet i fr\u00e5gan sagt.<\/p>\n<p class=\"hyperion-css-1v9qo5x\">\u201dVi kommer att komma tillbaka, f\u00f6rhoppningsvis i en betydligt annorlunda och starkare form, n\u00e4r kriminaliteten rusar p\u00e5 nytt\u201d, heter det i inl\u00e4gget.<\/p>\n<p class=\"hyperion-css-1v9qo5x\">Soldater har sedan tidigare l\u00e4mnat Los Angeles efter det att Trump skickat dem dit som del av ett bredare \u00e5tg\u00e4rdspaket i syfte att st\u00e4vja migration och kriminalitet. I b\u00e5de Chicago och Portland finns personal p\u00e5 plats, men de har inte kunnat arbeta p\u00e5 gatorna till f\u00f6ljd av de juridiska processer som omg\u00e4rdat deras utplacering.<\/p>\n","protected":false},"excerpt":{"rendered":"share-arrowDela unsaveSpara expand-left helsk\u00e4rmDonald Trump. Bilden \u00e4r tagen 29 december. Foto: Alex Brandon\/AP\/TT USA:s president Donald Trump har&hellip;\n","protected":false},"author":2,"featured_media":122111,"comment_status":"","ping_status":"","sticky":false,"template":"","format":"standard","meta":{"footnotes":""},"categories":[5],"tags":[22,23,26,27,17,21,24,25,28,29,15,16,18,34,31,33,32,30,19,20],"class_list":{"0":"post-122110","1":"post","2":"type-post","3":"status-publish","4":"format-standard","5":"has-post-thumbnail","7":"category-rubriker","8":"tag-breaking-news","9":"tag-breakingnews","10":"tag-featured-news","11":"tag-featurednews","12":"tag-headlines","13":"tag-huvudnyheter","14":"tag-latest-news","15":"tag-latestnews","16":"tag-main-news","17":"tag-mainnews","18":"tag-news","19":"tag-nyheter","20":"tag-rubriker","21":"tag-se","22":"tag-svenska","23":"tag-sverige","24":"tag-sweden","25":"tag-swedish","26":"tag-top-stories","27":"tag-topstories"},"share_on_mastodon":{"url":"https:\/\/pubeurope.com\/@se\/115816440981443277","error":""},"_links":{"self":[{"href":"https:\/\/www.europesays.com\/se\/wp-json\/wp\/v2\/posts\/122110","targetHints":{"allow":["GET"]}}],"collection":[{"href":"https:\/\/www.europesays.com\/se\/wp-json\/wp\/v2\/posts"}],"about":[{"href":"https:\/\/www.europesays.com\/se\/wp-json\/wp\/v2\/types\/post"}],"author":[{"embeddable":true,"href":"https:\/\/www.europesays.com\/se\/wp-json\/wp\/v2\/users\/2"}],"replies":[{"embeddable":true,"href":"https:\/\/www.europesays.com\/se\/wp-json\/wp\/v2\/comments?post=122110"}],"version-history":[{"count":0,"href":"https:\/\/www.europesays.com\/se\/wp-json\/wp\/v2\/posts\/122110\/revisions"}],"wp:featuredmedia":[{"embeddable":true,"href":"https:\/\/www.europesays.com\/se\/wp-json\/wp\/v2\/media\/122111"}],"wp:attachment":[{"href":"https:\/\/www.europesays.com\/se\/wp-json\/wp\/v2\/media?parent=122110"}],"wp:term":[{"taxonomy":"category","embeddable":true,"href":"https:\/\/www.europesays.com\/se\/wp-json\/wp\/v2\/categories?post=122110"},{"taxonomy":"post_tag","embeddable":true,"href":"https:\/\/www.europesays.com\/se\/wp-json\/wp\/v2\/tags?post=122110"}],"curies":[{"name":"wp","href":"https:\/\/api.w.org\/{rel}","templated":true}]}}