{"id":122112,"date":"2025-12-31T22:10:35","date_gmt":"2025-12-31T22:10:35","guid":{"rendered":"https:\/\/www.europesays.com\/se\/122112\/"},"modified":"2025-12-31T22:10:35","modified_gmt":"2025-12-31T22:10:35","slug":"massiv-kinesisk-militarovning-vid-taiwan","status":"publish","type":"post","link":"https:\/\/www.europesays.com\/se\/122112\/","title":{"rendered":"Massiv kinesisk milit\u00e4r\u00f6vning vid Taiwan"},"content":{"rendered":"<p class=\"sc-c25743f0-0 sc-e37c0145-2 hObFds DQgPn\">Kina meddelade p\u00e5 m\u00e5ndagen att man inlett en ny milit\u00e4r\u00f6vning omkring Taiwan. Inom loppet av 24 timmar uppt\u00e4cktes 130 kinesiska stridsflyg vid \u00f6n. \u00c4ven flottan och raketstyrkan deltar i \u00f6vningen. <\/p>\n<p class=\"sc-c25743f0-0 sc-e37c0145-2 hObFds DQgPn\">P\u00e5 tisdagen avfyrades raketer p\u00e5 fem olika platser i havet och luftrummet omkring Taiwan, skriver Reuters. <\/p>\n<p>Blockader av hamnar<\/p>\n<p class=\"sc-c25743f0-0 sc-e37c0145-2 hObFds DQgPn\">Samtidigt har flygvapnet och flottan \u00f6vat p\u00e5 attacker mot s\u00e5v\u00e4l maritima som luftburna m\u00e5l. D\u00e4rtill har man tr\u00e4nat p\u00e5 operationer som syftar till att bek\u00e4mpa ub\u00e5tar.<\/p>\n<p class=\"sc-c25743f0-0 sc-e37c0145-2 hObFds DQgPn\">\u00d6vningen, som bland annat inneb\u00e4r simulerade blockader av Taiwans viktigaste hamnar, sker elva dagar efter att USA och Taiwan ing\u00e5tt i en stor vapenaff\u00e4r. Enligt Reuters \u00e4r milit\u00e4r\u00f6vningen den hittills st\u00f6rsta som Kina har genomf\u00f6rt vid \u00f6n. <\/p>\n<p class=\"sc-c25743f0-0 sc-e37c0145-2 hObFds DQgPn\">I ett inl\u00e4gg p\u00e5 Facebook uppger Taiwans president Lai Ching-te att frontlinjetrupper st\u00e5r redo att f\u00f6rsvara \u00f6n, men att man inte har f\u00f6r avsikt att eskalera situationen. <\/p>\n<p>Kinas varning<\/p>\n<p class=\"sc-c25743f0-0 sc-e37c0145-2 hObFds DQgPn\">I ett uttalande varnar Kina \u201dyttra krafter\u201d fr\u00e5n att l\u00e4gga sig i landets inre angel\u00e4genheter. Kinas utrikesminister Wang Yi har ocks\u00e5 betonar att Kina avser att \u201dkraftigt motverka\u201d vapenaff\u00e4ren mellan USA och Taiwan. <\/p>\n<p class=\"sc-c25743f0-0 sc-e37c0145-2 hObFds DQgPn\">Styret i Peking betraktar Taiwan som en del av Kina, men i praktiken har Taiwan varit sj\u00e4lvstyrande och separat sedan slutet av det kinesiska inb\u00f6rdeskriget 1949.<\/p>\n","protected":false},"excerpt":{"rendered":"Kina meddelade p\u00e5 m\u00e5ndagen att man inlett en ny milit\u00e4r\u00f6vning omkring Taiwan. Inom loppet av 24 timmar uppt\u00e4cktes&hellip;\n","protected":false},"author":2,"featured_media":122113,"comment_status":"","ping_status":"","sticky":false,"template":"","format":"standard","meta":{"footnotes":""},"categories":[5],"tags":[22,23,26,27,17,21,24,25,28,29,15,16,18,34,31,33,32,30,19,20],"class_list":{"0":"post-122112","1":"post","2":"type-post","3":"status-publish","4":"format-standard","5":"has-post-thumbnail","7":"category-rubriker","8":"tag-breaking-news","9":"tag-breakingnews","10":"tag-featured-news","11":"tag-featurednews","12":"tag-headlines","13":"tag-huvudnyheter","14":"tag-latest-news","15":"tag-latestnews","16":"tag-main-news","17":"tag-mainnews","18":"tag-news","19":"tag-nyheter","20":"tag-rubriker","21":"tag-se","22":"tag-svenska","23":"tag-sverige","24":"tag-sweden","25":"tag-swedish","26":"tag-top-stories","27":"tag-topstories"},"share_on_mastodon":{"url":"https:\/\/pubeurope.com\/@se\/115816472433264271","error":""},"_links":{"self":[{"href":"https:\/\/www.europesays.com\/se\/wp-json\/wp\/v2\/posts\/122112","targetHints":{"allow":["GET"]}}],"collection":[{"href":"https:\/\/www.europesays.com\/se\/wp-json\/wp\/v2\/posts"}],"about":[{"href":"https:\/\/www.europesays.com\/se\/wp-json\/wp\/v2\/types\/post"}],"author":[{"embeddable":true,"href":"https:\/\/www.europesays.com\/se\/wp-json\/wp\/v2\/users\/2"}],"replies":[{"embeddable":true,"href":"https:\/\/www.europesays.com\/se\/wp-json\/wp\/v2\/comments?post=122112"}],"version-history":[{"count":0,"href":"https:\/\/www.europesays.com\/se\/wp-json\/wp\/v2\/posts\/122112\/revisions"}],"wp:featuredmedia":[{"embeddable":true,"href":"https:\/\/www.europesays.com\/se\/wp-json\/wp\/v2\/media\/122113"}],"wp:attachment":[{"href":"https:\/\/www.europesays.com\/se\/wp-json\/wp\/v2\/media?parent=122112"}],"wp:term":[{"taxonomy":"category","embeddable":true,"href":"https:\/\/www.europesays.com\/se\/wp-json\/wp\/v2\/categories?post=122112"},{"taxonomy":"post_tag","embeddable":true,"href":"https:\/\/www.europesays.com\/se\/wp-json\/wp\/v2\/tags?post=122112"}],"curies":[{"name":"wp","href":"https:\/\/api.w.org\/{rel}","templated":true}]}}