{"id":122114,"date":"2025-12-31T22:16:06","date_gmt":"2025-12-31T22:16:06","guid":{"rendered":"https:\/\/www.europesays.com\/se\/122114\/"},"modified":"2025-12-31T22:16:06","modified_gmt":"2025-12-31T22:16:06","slug":"polis-avlivade-alg-med-tjanstevapen-efter-olycka","status":"publish","type":"post","link":"https:\/\/www.europesays.com\/se\/122114\/","title":{"rendered":"Polis avlivade \u00e4lg med tj\u00e4nstevapen efter olycka"},"content":{"rendered":"<p>Polis avlivade en \u00e4lg med tj\u00e4nstevapnet utanf\u00f6r Nyk\u00f6ping under ny\u00e5rskv\u00e4llen, rapporterar Expressen.<\/p>\n<p>Patrullen hade larmats till en trafikolycka d\u00e4r en bil krockat med en \u00e4lg vid 21.30-tiden. En j\u00e4gare hade best\u00e4llts, men enligt polisens presstalesperson Linus Maxe gjorde patrullen f\u00f6rmodligen bed\u00f6mningen att \u00e4lgen led s\u00e5 pass mycket att det inte gick att v\u00e4nta.<\/p>\n<p>\u2013 Man vill helst ha dit en j\u00e4gare som har lite kraftfullare vapen. Men h\u00e4r har man uppenbarligen hittat ett s\u00e4tt \u00e4nd\u00e5. Det var fantastiskt att de lyckades l\u00f6sa det p\u00e5 ett bra s\u00e4tt, s\u00e4ger Maxe.<\/p>\n<p>Personerna i bilen klarade sig utan st\u00f6rre skador.<\/p>\n<p>Omni \u00e4r politiskt obundna och oberoende. Vi str\u00e4var efter att ge fler perspektiv p\u00e5 nyheterna. Har du fr\u00e5gor eller synpunkter kring v\u00e5r rapportering? <a href=\"https:\/\/omni.se\/polis-avlivade-alg-med-tjanstevapen-efter-olycka\/a\/mailto:redaktion@omni.se\" class=\"ArticleActions_contactLink__W2F1M\" rel=\"nofollow noopener\" target=\"_blank\">Kontakta redaktionen<\/a><\/p>\n","protected":false},"excerpt":{"rendered":"Polis avlivade en \u00e4lg med tj\u00e4nstevapnet utanf\u00f6r Nyk\u00f6ping under ny\u00e5rskv\u00e4llen, rapporterar Expressen. Patrullen hade larmats till en trafikolycka&hellip;\n","protected":false},"author":2,"featured_media":122115,"comment_status":"","ping_status":"","sticky":false,"template":"","format":"standard","meta":{"footnotes":""},"categories":[14],"tags":[22,23,415,26,27,17,21,24,25,28,29,15,16,1099,4972,18,34,1547,31,33,32,30,19,20,51,52,53,54],"class_list":{"0":"post-122114","1":"post","2":"type-post","3":"status-publish","4":"format-standard","5":"has-post-thumbnail","7":"category-varlden","8":"tag-breaking-news","9":"tag-breakingnews","10":"tag-djur-natur","11":"tag-featured-news","12":"tag-featurednews","13":"tag-headlines","14":"tag-huvudnyheter","15":"tag-latest-news","16":"tag-latestnews","17":"tag-main-news","18":"tag-mainnews","19":"tag-news","20":"tag-nyheter","21":"tag-nykoping","22":"tag-olyckor","23":"tag-rubriker","24":"tag-se","25":"tag-sodermanlands-lan","26":"tag-svenska","27":"tag-sverige","28":"tag-sweden","29":"tag-swedish","30":"tag-top-stories","31":"tag-topstories","32":"tag-varlden","33":"tag-world","34":"tag-world-news","35":"tag-worldnews"},"share_on_mastodon":{"url":"https:\/\/pubeurope.com\/@se\/115816495980953552","error":""},"_links":{"self":[{"href":"https:\/\/www.europesays.com\/se\/wp-json\/wp\/v2\/posts\/122114","targetHints":{"allow":["GET"]}}],"collection":[{"href":"https:\/\/www.europesays.com\/se\/wp-json\/wp\/v2\/posts"}],"about":[{"href":"https:\/\/www.europesays.com\/se\/wp-json\/wp\/v2\/types\/post"}],"author":[{"embeddable":true,"href":"https:\/\/www.europesays.com\/se\/wp-json\/wp\/v2\/users\/2"}],"replies":[{"embeddable":true,"href":"https:\/\/www.europesays.com\/se\/wp-json\/wp\/v2\/comments?post=122114"}],"version-history":[{"count":0,"href":"https:\/\/www.europesays.com\/se\/wp-json\/wp\/v2\/posts\/122114\/revisions"}],"wp:featuredmedia":[{"embeddable":true,"href":"https:\/\/www.europesays.com\/se\/wp-json\/wp\/v2\/media\/122115"}],"wp:attachment":[{"href":"https:\/\/www.europesays.com\/se\/wp-json\/wp\/v2\/media?parent=122114"}],"wp:term":[{"taxonomy":"category","embeddable":true,"href":"https:\/\/www.europesays.com\/se\/wp-json\/wp\/v2\/categories?post=122114"},{"taxonomy":"post_tag","embeddable":true,"href":"https:\/\/www.europesays.com\/se\/wp-json\/wp\/v2\/tags?post=122114"}],"curies":[{"name":"wp","href":"https:\/\/api.w.org\/{rel}","templated":true}]}}